{"id":1026,"date":"2025-03-16T09:47:02","date_gmt":"2025-03-16T09:47:02","guid":{"rendered":"https:\/\/marinaguia.com\/?p=1026"},"modified":"2025-03-16T09:47:02","modified_gmt":"2025-03-16T09:47:02","slug":"calp-rinde-homenaje-a-sus-raices-marineras-con-la-instalacion-de-una-escultura-de-la-virgen-del-carmen-en-el-puerto","status":"publish","type":"post","link":"https:\/\/marinaguia.com\/index.php\/2025\/03\/16\/calp-rinde-homenaje-a-sus-raices-marineras-con-la-instalacion-de-una-escultura-de-la-virgen-del-carmen-en-el-puerto\/","title":{"rendered":"Calp rinde homenaje a sus ra\u00edces marineras con  la instalaci\u00f3n de una escultura de la Virgen del Carmen en el puerto"},"content":{"rendered":"<p>Desde hoy\u00a0 una escultura de la Virgen del Carmen, patrona de los marineros, da la bienvenida a todos aquellos que acceden al puerto de Calp. Este mediod\u00eda se ha descubierto la escultura que el Ayuntamiento de Calp ha instalado en el recinto portuario.<\/p>\n<p>Este conjunto escult\u00f3rico, dise\u00f1ado por el artista Arturo Serra G\u00f3mez,\u00a0 pretende ser un homenaje de Calp a la familia marinera y en un principio estaba previsto instalarla en 2024 coincidiendo con la celebraci\u00f3n del centenario de la Cofrad\u00eda de Pescadores. Sin embargo, retrasos en las autorizaciones administrativas impidieron instalarla\u00a0 el\u00a0 pasado a\u00f1o.<\/p>\n<p>El conjunto escult\u00f3rico ha sido creado por el escultor Arturo Serra y ha tenido un coste de 155.000\u20ac. La obra representa a la Virgen del Carmen, patrona de los marineros, seg\u00fan la iconograf\u00eda tradicional, es decir, con el ni\u00f1o en brazos y el escapulario en una mano, sobre peana de la ofrenda de flores, y\u00a0 acompa\u00f1ada por tres costaleros\/porteadores (an\u00f3nimos) y un ni\u00f1o, en representaci\u00f3n de tres generaciones (abuelo, padre, joven y ni\u00f1o).<\/p>\n<p>El pedestal se completa con detalles relacionados con el mundo marinero: una red de pesca y una maroma gruesa de barco anudada. El pedestal, asimismo, incorpora la placa con el texto conmemorativo.<\/p>\n<p>El conjunto de la base con la figura de la Virgen con el Ni\u00f1o alcanza aproximadamente los 3 metros de altura y est\u00e1 realizado en bronce con espesor de\u00a0 7 mil\u00edmetros. La escultura se ha instalado en una superficie de 19 m2 de terreno urbanizado en la entrada\u00a0 al puerto y la imagen est\u00e1 orientada mirando al mar para recibir a los marineros a su llegada al puerto.<\/p>\n<p>En el acto de hoy, que ha contado con la presencia del director territorial de Pesca, Juan Planelles, han intervenido el escultor, Arturo Serra, que ha declarado que \u201cla escultura pretende ser un homenaje a la familia marinera representada en las cuatro generaciones que acompa\u00f1an a la imagen de la Virgen\u201d.<\/p>\n<p>El Patr\u00f3n Mayor de la Cofrad\u00eda, Paco Catal\u00e1, ha intervenido para decir que \u201cesta imagen simboliza tambi\u00e9n a los que nos precedieron, a aquellos que dedicaron su vida al mar y ya no est\u00e1n\u201c.<\/p>\n<p>Por su parte la alcaldesa, Ana Sala, ha declarado que \u201ceste es el homenaje de Calp a la cofrad\u00eda en su centenario, un merecido homenaje sobre todo en estos\u00a0 momentos tan dif\u00edciles para el sector, nosotros apoyamos a la Cofrad\u00eda\u00a0 en su lucha y sus reivindicaciones ante las exigencias de recortes de d\u00edas de pesca\u201d. El acto se ha cerrado con la interpretaci\u00f3n de la salve marinera a cargo del grupo Solera Art\u00edstica.<\/p>\n<p>&nbsp;<\/p>\n","protected":false},"excerpt":{"rendered":"<p>Desde hoy\u00a0 una escultura de la Virgen del Carmen, patrona de los marineros, da la bienvenida a todos aquellos que acceden al puerto de Calp. Este mediod\u00eda se ha descubierto la escultura que el Ayuntamiento de Calp ha instalado en el recinto portuario. Este conjunto escult\u00f3rico, dise\u00f1ado por el artista<\/p>\n","protected":false},"author":2,"featured_media":1027,"comment_status":"open","ping_status":"closed","sticky":false,"template":"","format":"standard","meta":{"_jetpack_memberships_contains_paid_content":false,"footnotes":""},"categories":[1,3,18],"tags":[],"class_list":["post-1026","post","type-post","status-publish","format-standard","has-post-thumbnail","hentry","category-calp","category-marina-alta","category-turismo"],"jetpack_featured_media_url":"https:\/\/marinaguia.com\/wp-content\/uploads\/2025\/03\/ofrenda-nino.jpg","jetpack_sharing_enabled":true,"_links":{"self":[{"href":"https:\/\/marinaguia.com\/index.php\/wp-json\/wp\/v2\/posts\/1026","targetHints":{"allow":["GET"]}}],"collection":[{"href":"https:\/\/marinaguia.com\/index.php\/wp-json\/wp\/v2\/posts"}],"about":[{"href":"https:\/\/marinaguia.com\/index.php\/wp-json\/wp\/v2\/types\/post"}],"author":[{"embeddable":true,"href":"https:\/\/marinaguia.com\/index.php\/wp-json\/wp\/v2\/users\/2"}],"replies":[{"embeddable":true,"href":"https:\/\/marinaguia.com\/index.php\/wp-json\/wp\/v2\/comments?post=1026"}],"version-history":[{"count":1,"href":"https:\/\/marinaguia.com\/index.php\/wp-json\/wp\/v2\/posts\/1026\/revisions"}],"predecessor-version":[{"id":1028,"href":"https:\/\/marinaguia.com\/index.php\/wp-json\/wp\/v2\/posts\/1026\/revisions\/1028"}],"wp:featuredmedia":[{"embeddable":true,"href":"https:\/\/marinaguia.com\/index.php\/wp-json\/wp\/v2\/media\/1027"}],"wp:attachment":[{"href":"https:\/\/marinaguia.com\/index.php\/wp-json\/wp\/v2\/media?parent=1026"}],"wp:term":[{"taxonomy":"category","embeddable":true,"href":"https:\/\/marinaguia.com\/index.php\/wp-json\/wp\/v2\/categories?post=1026"},{"taxonomy":"post_tag","embeddable":true,"href":"https:\/\/marinaguia.com\/index.php\/wp-json\/wp\/v2\/tags?post=1026"}],"curies":[{"name":"wp","href":"https:\/\/api.w.org\/{rel}","templated":true}]}}