{"id":1036,"date":"2025-03-27T13:17:24","date_gmt":"2025-03-27T13:17:24","guid":{"rendered":"https:\/\/marinaguia.com\/?p=1036"},"modified":"2025-03-27T13:17:24","modified_gmt":"2025-03-27T13:17:24","slug":"calp-cede-oficialmente-a-la-generalitat-el-solar-para-la-construccion-del-segundo-centro-de-salud","status":"publish","type":"post","link":"https:\/\/marinaguia.com\/index.php\/2025\/03\/27\/calp-cede-oficialmente-a-la-generalitat-el-solar-para-la-construccion-del-segundo-centro-de-salud\/","title":{"rendered":"Calp cede oficialmente a la Generalitat el solar para la construcci\u00f3n del segundo centro de salud"},"content":{"rendered":"<p>La Alcaldesa de Calp, Ana Sala, y la Concejala de Sanidad, Itziar Doval, mantuvieron ayer una reuni\u00f3n con Eva Su\u00e1rez, Directora General de Atenci\u00f3n Primaria, Enrique Soler, Subdirector General de Atenci\u00f3n Primaria, Juana Belmar L\u00f3pez, Subdirectora General de Infraestructuras de la Conselleria de Sanidad y C\u00e9sar Jim\u00e9nez Alca\u00f1iz, Jefe del Servicio de Infraestructuras Sanitarias para trasladar de forma directa la urgente necesidad de construir un segundo centro de salud en el municipio. Para ello el Ayuntamiento ya ha aprobado la cesi\u00f3n de un terreno dotacional de 13.675 m\u00b2.<\/p>\n<p>Este encuentro responde al acuerdo un\u00e1nime adoptado por el Pleno del Ayuntamiento de Calp el pasado 8 de octubre en el que se instaba a la Conselleria de Sanidad a retomar un proyecto comprometido desde el a\u00f1o 2008 en el contrato de gesti\u00f3n suscrito con Marina Salud S.A. Dicho contrato contemplaba expresamente la construcci\u00f3n de un segundo centro de salud integrado en Calp, infraestructura que nunca lleg\u00f3 a ejecutarse.<\/p>\n<p>Tras la finalizaci\u00f3n de la concesi\u00f3n y el regreso de la gesti\u00f3n sanitaria a manos de la Generalitat en 2024, el Ayuntamiento considera que es el momento de saldar esta deuda hist\u00f3rica con la ciudadan\u00eda. Con el objetivo de facilitar su ejecuci\u00f3n, el Ayuntamiento de Calp ha cedido a la Conselleria un terreno dotacional de 13.675 m\u00b2 ubicados en la partida Gargasindi, junto al futuro IES Les Salines.<\/p>\n<p>Sin embargo, en la reuni\u00f3n de ayer se ha trasladado a los responsables municipales que es necesario presentar formalmente la cesi\u00f3n del terreno ante\u00a0 Conselleria para analizar la adecuaci\u00f3n de la parcela antes de su aceptaci\u00f3n.<\/p>\n<p>Esta nueva infraestructura permitir\u00eda aliviar la actual saturaci\u00f3n del \u00fanico centro de salud existente, proyectado en 1990 para apenas 9.000 tarjetas sanitarias, y que hoy da servicio a una poblaci\u00f3n que se multiplica por cinco en temporada alta, alcanzando picos de casi 125.000 personas.<\/p>\n<p>Desde la Conselleria tambi\u00e9n se ha se\u00f1alado que el hecho de que la inversi\u00f3n del nuevo centro de salud no aparezca en los presupuestos generales de la Generalitat de 2025 no significa que no pueda ejecutarse.<\/p>\n<p>La alcaldesa y la edil de sanidad tambi\u00e9n han solicitado que hasta que el\u00a0 nuevo centro de salud sea una realidad se refuerce la atenci\u00f3n sanitaria abriendo durante todos el a\u00f1o el consultor auxiliar de verano. Al respecto las autoridades auton\u00f3micas han recalcado la dificultad para cubrir las plazas del \u00e1rea\u00a0 sanitaria de Denia, de hecho existiendo presupuesto el centro auxiliar no se abre durante todo el a\u00f1o por la\u00a0 falta de profesionales. Con todo, existe voluntad de abrir el centro auxiliar para mejorar el servicio mientras se construye el segundo centro de salud condicionada a la que haya suficientes profesionales.<\/p>\n<p>El equipo de gobierno municipal ha valorado positivamente el clima de di\u00e1logo mantenido durante la reuni\u00f3n. \u201cEste segundo centro de salud no es un capricho: es una necesidad urgente, prevista desde el a\u00f1o 2008 y que Marina Salud S.A. ha incumplido. Es un proyecto clave para garantizar una atenci\u00f3n sanitaria digna a residentes y visitantes\u201d, ha se\u00f1alado la alcaldesa Ana Sala.<\/p>\n","protected":false},"excerpt":{"rendered":"<p>La Alcaldesa de Calp, Ana Sala, y la Concejala de Sanidad, Itziar Doval, mantuvieron ayer una reuni\u00f3n con Eva Su\u00e1rez, Directora General de Atenci\u00f3n Primaria, Enrique Soler, Subdirector General de Atenci\u00f3n Primaria, Juana Belmar L\u00f3pez, Subdirectora General de Infraestructuras de la Conselleria de Sanidad y C\u00e9sar Jim\u00e9nez Alca\u00f1iz, Jefe del<\/p>\n","protected":false},"author":2,"featured_media":1037,"comment_status":"open","ping_status":"closed","sticky":false,"template":"","format":"standard","meta":{"_jetpack_memberships_contains_paid_content":false,"footnotes":""},"categories":[19,1,3],"tags":[],"class_list":["post-1036","post","type-post","status-publish","format-standard","has-post-thumbnail","hentry","category-19","category-calp","category-marina-alta"],"jetpack_featured_media_url":"https:\/\/marinaguia.com\/wp-content\/uploads\/2025\/03\/e8a2da21-bb68-4228-8a50-bab0624cf418.jpg","jetpack_sharing_enabled":true,"_links":{"self":[{"href":"https:\/\/marinaguia.com\/index.php\/wp-json\/wp\/v2\/posts\/1036","targetHints":{"allow":["GET"]}}],"collection":[{"href":"https:\/\/marinaguia.com\/index.php\/wp-json\/wp\/v2\/posts"}],"about":[{"href":"https:\/\/marinaguia.com\/index.php\/wp-json\/wp\/v2\/types\/post"}],"author":[{"embeddable":true,"href":"https:\/\/marinaguia.com\/index.php\/wp-json\/wp\/v2\/users\/2"}],"replies":[{"embeddable":true,"href":"https:\/\/marinaguia.com\/index.php\/wp-json\/wp\/v2\/comments?post=1036"}],"version-history":[{"count":1,"href":"https:\/\/marinaguia.com\/index.php\/wp-json\/wp\/v2\/posts\/1036\/revisions"}],"predecessor-version":[{"id":1038,"href":"https:\/\/marinaguia.com\/index.php\/wp-json\/wp\/v2\/posts\/1036\/revisions\/1038"}],"wp:featuredmedia":[{"embeddable":true,"href":"https:\/\/marinaguia.com\/index.php\/wp-json\/wp\/v2\/media\/1037"}],"wp:attachment":[{"href":"https:\/\/marinaguia.com\/index.php\/wp-json\/wp\/v2\/media?parent=1036"}],"wp:term":[{"taxonomy":"category","embeddable":true,"href":"https:\/\/marinaguia.com\/index.php\/wp-json\/wp\/v2\/categories?post=1036"},{"taxonomy":"post_tag","embeddable":true,"href":"https:\/\/marinaguia.com\/index.php\/wp-json\/wp\/v2\/tags?post=1036"}],"curies":[{"name":"wp","href":"https:\/\/api.w.org\/{rel}","templated":true}]}}