{"id":1107,"date":"2025-06-17T15:11:15","date_gmt":"2025-06-17T15:11:15","guid":{"rendered":"https:\/\/marinaguia.com\/?p=1107"},"modified":"2025-06-17T15:11:15","modified_gmt":"2025-06-17T15:11:15","slug":"educacion-y-deportes-impulsan-un-contrato-para-el-mantenimiento-de-los-centros-educativos-y-las-instalaciones-deportivas","status":"publish","type":"post","link":"https:\/\/marinaguia.com\/index.php\/2025\/06\/17\/educacion-y-deportes-impulsan-un-contrato-para-el-mantenimiento-de-los-centros-educativos-y-las-instalaciones-deportivas\/","title":{"rendered":"Educaci\u00f3n y Deportes impulsan un contrato para el mantenimiento de los centros educativos y las instalaciones deportivas"},"content":{"rendered":"<p>Los Concejales de Deportes, Ximo Perles y de Educaci\u00f3n, Mariola Mulet han impulsado conjuntamente la contrataci\u00f3n de los servicios de mantenimiento y reparaci\u00f3n de las instalaciones deportivas y los centros educativos. Se trata de una nueva forma de llevar a cabo el mantenimiento y reparaciones de estas instalaciones que con frecuencia requieren peque\u00f1as intervenciones que no pueden dilatarse en el tiempo.<\/p>\n<p>El \u00e1mbito del contrato afecta a las zonas deportivas y centros educativos y sociales. El contrato cuenta con un presupuesto anual de 296.450\u20ac con posibilidad de pr\u00f3rroga. La empresa adjudicataria, que ya ha iniciado su actividad, realizar\u00e1 aquellos trabajos planteados por los t\u00e9cnicos de las concejal\u00edas que ya han formulado un plan de actuaciones.<\/p>\n<p>Esta iniciativa permitir\u00e1 llevar a cabo actuaciones como la adaptaci\u00f3n del antiguo bar del Pabell\u00f3n Domingo Crespo en una sala deportiva polivalente y una reforma integral que engloba la sustituci\u00f3n de todas las puertas de acceso a los vestuarios y servicios, el cambio de suelo, la sustituci\u00f3n de las banquetas de los vestuarios o la reforma de la zona de conserjer\u00eda. Tambi\u00e9n se reparar\u00e1 el aire acondicionado.<\/p>\n<p>Adem\u00e1s se adecuar\u00e1n los vestuarios de la zona de Esplai Park y Ben\u00edtez y se crear\u00e1 un almac\u00e9n en los antiguos aseos. En cuanto al Pabell\u00f3n Ifac se retirar\u00e1 el techo y los metacrilatos en mal estado y se sustituir\u00e1n canaletas con goteras.<\/p>\n<p>En el campo de f\u00fatbol se sustituir\u00e1n las puertas de los vestuarios, se llevar\u00e1 acabo el saneamiento y pintura del techo de la grada, se sustituir\u00e1 la megafon\u00eda y el marcador mientra que en la pista azul se repararan humedades.<\/p>\n<p>Tambi\u00e9n la piscina ser\u00e1 objeto de estas acciones ya que est\u00e1 previsto sustituir la puerta de acceso al aparcamiento, reparar\u00a0 baldas del techo con humedades, sustituir la puerta del dep\u00f3sito de biomasa y otras reparaciones de suelos, puertas o taquillas.<\/p>\n<p>Por lo que respecta a los centros educativos este contrato permitir\u00e1 el desbroce de los colegios Azor\u00edn y Gabriel Mir\u00f3, crear una zona de sombraje en los colegios\u00a0 Mediterrani y Olt\u00e0, cambiar el vallado de la escuela infantil Silene de Ifac y del CEE Gargasindi.<\/p>\n<p>Otras actuaciones en el \u00e1mbito de educaci\u00f3n son el cambio del suelo de vinilo de las aulas de la Escuela Infantil Silene de Ifac, renovar el arbolado del patio de infantil\u00a0 del CEIP Mediterrani y sustituir\u00a0 la tela protectora del vallado interno de este centro.<\/p>\n<p>Tambi\u00e9n se llevar\u00e1 acabo la sustituci\u00f3n del vallado del CEIP Gabriel Mir\u00f3, se sustituir\u00e1 el timbre-tel\u00e9fono del CEIP Olt\u00e0 o se sustituir\u00e1 el mecanismo de las persianas del CEIP Mediterrani. Adem\u00e1s est\u00e1 previsto realizar trabajos de pintura en todos los centros escolares.<\/p>\n<p>El concejal de deportes, Ximo Perles, ha declarado que \u201cdurante muchos a\u00f1os las infraestructuras deportivas han estado abandonadas, y este verano hemos sacado este plan de choque para que cuando comience la temporada lectiva en septiembre nuestros ni\u00f1os y ni\u00f1as tengan unas instalaciones decentes y dignas\u201d.<\/p>\n","protected":false},"excerpt":{"rendered":"<p>Los Concejales de Deportes, Ximo Perles y de Educaci\u00f3n, Mariola Mulet han impulsado conjuntamente la contrataci\u00f3n de los servicios de mantenimiento y reparaci\u00f3n de las instalaciones deportivas y los centros educativos. Se trata de una nueva forma de llevar a cabo el mantenimiento y reparaciones de estas instalaciones que con<\/p>\n","protected":false},"author":2,"featured_media":1108,"comment_status":"open","ping_status":"closed","sticky":false,"template":"","format":"standard","meta":{"_jetpack_memberships_contains_paid_content":false,"footnotes":""},"categories":[19,21,3],"tags":[],"class_list":["post-1107","post","type-post","status-publish","format-standard","has-post-thumbnail","hentry","category-19","category-deportes","category-marina-alta"],"jetpack_featured_media_url":"https:\/\/marinaguia.com\/wp-content\/uploads\/2025\/06\/INSTALACINES.jpg","jetpack_sharing_enabled":true,"_links":{"self":[{"href":"https:\/\/marinaguia.com\/index.php\/wp-json\/wp\/v2\/posts\/1107","targetHints":{"allow":["GET"]}}],"collection":[{"href":"https:\/\/marinaguia.com\/index.php\/wp-json\/wp\/v2\/posts"}],"about":[{"href":"https:\/\/marinaguia.com\/index.php\/wp-json\/wp\/v2\/types\/post"}],"author":[{"embeddable":true,"href":"https:\/\/marinaguia.com\/index.php\/wp-json\/wp\/v2\/users\/2"}],"replies":[{"embeddable":true,"href":"https:\/\/marinaguia.com\/index.php\/wp-json\/wp\/v2\/comments?post=1107"}],"version-history":[{"count":1,"href":"https:\/\/marinaguia.com\/index.php\/wp-json\/wp\/v2\/posts\/1107\/revisions"}],"predecessor-version":[{"id":1109,"href":"https:\/\/marinaguia.com\/index.php\/wp-json\/wp\/v2\/posts\/1107\/revisions\/1109"}],"wp:featuredmedia":[{"embeddable":true,"href":"https:\/\/marinaguia.com\/index.php\/wp-json\/wp\/v2\/media\/1108"}],"wp:attachment":[{"href":"https:\/\/marinaguia.com\/index.php\/wp-json\/wp\/v2\/media?parent=1107"}],"wp:term":[{"taxonomy":"category","embeddable":true,"href":"https:\/\/marinaguia.com\/index.php\/wp-json\/wp\/v2\/categories?post=1107"},{"taxonomy":"post_tag","embeddable":true,"href":"https:\/\/marinaguia.com\/index.php\/wp-json\/wp\/v2\/tags?post=1107"}],"curies":[{"name":"wp","href":"https:\/\/api.w.org\/{rel}","templated":true}]}}