{"id":1180,"date":"2025-08-30T11:39:30","date_gmt":"2025-08-30T11:39:30","guid":{"rendered":"https:\/\/marinaguia.com\/?p=1180"},"modified":"2025-08-30T11:39:30","modified_gmt":"2025-08-30T11:39:30","slug":"el-gobierno-calpino-solicita-a-la-conselleria-que-convoque-con-urgencia-la-junta-rectora-del-penyal-difac","status":"publish","type":"post","link":"https:\/\/marinaguia.com\/index.php\/2025\/08\/30\/el-gobierno-calpino-solicita-a-la-conselleria-que-convoque-con-urgencia-la-junta-rectora-del-penyal-difac\/","title":{"rendered":"El Gobierno Calpino solicita a la Conselleria que convoque con urgencia la Junta Rectora del Penyal d\u2019Ifac"},"content":{"rendered":"<p><strong>La Junta de Gobierno Local acord\u00f3 hace unos d\u00edas solicitar a la Conselleria de Medio Ambiente, Infraestructuras y Territorio la necesidad urgente de\u00a0 convocar a la Junta Rectora del Penyal d\u2019Ifac, \u00f3rgano responsable de la gesti\u00f3n del parque que lleva a\u00f1os sin reunirse.<\/strong><\/p>\n<p><strong>En la pasada Junta de Gobierno Local se expuso el malestar general por el estado de abandono en el que se encuentra el parque natural, as\u00ed como la necesidad de llevar a cabo diversas actuaciones y abordar la mejora del medio natural. Desde el Ayuntamiento calpino se ha trasladado dicho malestar a la Conselleria de Medio Ambiente, Infraestructuras y Territorio para que se tomen las medidas oportunas de limpieza y mantenimiento del Penyal d\u00b4Ifac.<\/strong><\/p>\n<p><strong>Tras constatar que la Junta Rectora lleva a\u00f1os sin reunirse y que en este momento el Parque carece de director al que trasladar las necesidades y quejas, desde el gobierno calpino se insta a Conselleria a convocar la junta con urgencia de manera que se puedan abordar y dar soluci\u00f3n a los problemas que plantea el parque natural del Penyal d\u2019Ifac, el m\u00e1s visitado de la Comunidad Valenciana.<\/strong><\/p>\n<p><strong>El pasado mes de septiembre el Ayuntamiento ya remiti\u00f3 un oficio a la Conselleria\u00a0\u00a0 solicitando la convocatoria de la Junta Rectora como organismo que debate y decide las cuestiones relativas al funcionamiento y mantenimiento del parque natural. Ya entonces se plantearon necesidades de instalaci\u00f3n de se\u00f1al\u00e9tica sobre la Pobla o la autorizaci\u00f3n para que el MARQ cree un museo\/centro de interpretaci\u00f3n de la Pobla d\u2019Ifac en el inmueble situado dentro del mismo Parque. Sin embargo, la solicitud municipal no recibi\u00f3 respuesta.<\/strong><\/p>\n<p><strong>La alcaldesa, Ana Sala, ha se\u00f1alado que: \u201cdesde el Ayuntamiento trasladamos la necesidad\u00a0 de mayor implicaci\u00f3n; el parque natural es el m\u00e1s peque\u00f1o y visitado de la Comunidad Valenciana. Aunque la competencia de su gesti\u00f3n sea auton\u00f3mica nosotros somos quienes sufrimos las quejas y la desidia por no tener \u00f3rgano de direcci\u00f3n al que dirigirse. Despu\u00e9s de dos a\u00f1os de legislatura sin que se haya convocado la junta rectora\u00a0 a la que dirigir no s\u00f3lo las quejas sino las necesidades y posibilidades de mejora, pensamos que es urgente su convocatoria\u201d.<\/strong><\/p>\n<p>&nbsp;<\/p>\n","protected":false},"excerpt":{"rendered":"<p>La Junta de Gobierno Local acord\u00f3 hace unos d\u00edas solicitar a la Conselleria de Medio Ambiente, Infraestructuras y Territorio la necesidad urgente de\u00a0 convocar a la Junta Rectora del Penyal d\u2019Ifac, \u00f3rgano responsable de la gesti\u00f3n del parque que lleva a\u00f1os sin reunirse. En la pasada Junta de Gobierno Local<\/p>\n","protected":false},"author":2,"featured_media":1181,"comment_status":"open","ping_status":"closed","sticky":false,"template":"","format":"standard","meta":{"_jetpack_memberships_contains_paid_content":false,"footnotes":""},"categories":[19,1,20,3,18],"tags":[],"class_list":["post-1180","post","type-post","status-publish","format-standard","has-post-thumbnail","hentry","category-19","category-calp","category-cultura","category-marina-alta","category-turismo"],"jetpack_featured_media_url":"https:\/\/marinaguia.com\/wp-content\/uploads\/2025\/08\/Centre-d\u00b4Interpretacio-del-Penyal-03.jpg","jetpack_sharing_enabled":true,"_links":{"self":[{"href":"https:\/\/marinaguia.com\/index.php\/wp-json\/wp\/v2\/posts\/1180","targetHints":{"allow":["GET"]}}],"collection":[{"href":"https:\/\/marinaguia.com\/index.php\/wp-json\/wp\/v2\/posts"}],"about":[{"href":"https:\/\/marinaguia.com\/index.php\/wp-json\/wp\/v2\/types\/post"}],"author":[{"embeddable":true,"href":"https:\/\/marinaguia.com\/index.php\/wp-json\/wp\/v2\/users\/2"}],"replies":[{"embeddable":true,"href":"https:\/\/marinaguia.com\/index.php\/wp-json\/wp\/v2\/comments?post=1180"}],"version-history":[{"count":1,"href":"https:\/\/marinaguia.com\/index.php\/wp-json\/wp\/v2\/posts\/1180\/revisions"}],"predecessor-version":[{"id":1182,"href":"https:\/\/marinaguia.com\/index.php\/wp-json\/wp\/v2\/posts\/1180\/revisions\/1182"}],"wp:featuredmedia":[{"embeddable":true,"href":"https:\/\/marinaguia.com\/index.php\/wp-json\/wp\/v2\/media\/1181"}],"wp:attachment":[{"href":"https:\/\/marinaguia.com\/index.php\/wp-json\/wp\/v2\/media?parent=1180"}],"wp:term":[{"taxonomy":"category","embeddable":true,"href":"https:\/\/marinaguia.com\/index.php\/wp-json\/wp\/v2\/categories?post=1180"},{"taxonomy":"post_tag","embeddable":true,"href":"https:\/\/marinaguia.com\/index.php\/wp-json\/wp\/v2\/tags?post=1180"}],"curies":[{"name":"wp","href":"https:\/\/api.w.org\/{rel}","templated":true}]}}