{"id":1256,"date":"2026-01-26T12:45:18","date_gmt":"2026-01-26T12:45:18","guid":{"rendered":"https:\/\/marinaguia.com\/?p=1256"},"modified":"2026-01-26T12:45:18","modified_gmt":"2026-01-26T12:45:18","slug":"sin-cita-previa","status":"publish","type":"post","link":"https:\/\/marinaguia.com\/index.php\/2026\/01\/26\/sin-cita-previa\/","title":{"rendered":"SIN CITA PREVIA"},"content":{"rendered":"<p>Aparecieron de repente, la Fundaci\u00f3n CEPAIM lleg\u00f3 a Calp de forma precipitada, nos pill\u00f3 a todos por sorpresa. La crisis humanitaria en Canarias requer\u00eda soluciones inmediatas y el Ministerio de Inclusi\u00f3n Seguridad Social y Migraciones, acord\u00f3 con CEPAIM que fueran ellos, los encargados de acoger a 140 refugiados en Calp.<\/p>\n<p>Nos hubiera gustado conocer con tiempo esa decisi\u00f3n y poder gestionarla con calma, pero no fue as\u00ed. Las crisis humanitarias llegan sin pedir permiso, sin cita previa y hay que actuar con sensatez. No fue f\u00e1cil gestionar esta situaci\u00f3n ni pol\u00edtica ni emocionalmente.\u00a0 Tras una breve reuni\u00f3n en el despacho de la alcaldesa con representantes de CEPAIM, El ayuntamiento, se volc\u00f3 en colaborar para que el proceso de acogida fuera lo m\u00e1s sencillo posible.<\/p>\n<p>No podemos negar que esta precipitaci\u00f3n dio lugar a un cierto revuelo vecinal, aparecieron los miedos, los prejuicios y los fantasmas de la intolerancia que poco a poco se fueron desvaneciendo y quedaron el agua de borrajas.<\/p>\n<p>La colaboraci\u00f3n con CEPAIM ha sido cercana y fluida desde el primer d\u00eda. Othmane Mounir, coordinador del centro es un gran facilitador, hemos podido conocer el funcionamiento y el trabajo silencioso que se realiza cada d\u00eda. Ver lo que ocurre dentro del centro humaniza y produce admiraci\u00f3n por este equipo de profesionales.<\/p>\n<p>El contacto directo elimina los prejuicios, conocer la realidad en primera persona sustituye al rumor y el miedo inicial se transforma en respeto. Valores como la convivencia intercultural, la igualdad de oportunidades, el respeto a la diversidad y la cohesi\u00f3n social \u2014que, como dice Mounir, forman parte del ADN de CEPAIM\u2014 han dejado de ser conceptos abstractos para convertirse en hechos cotidianos.<\/p>\n<p>Un a\u00f1o despu\u00e9s, podemos decir que esta experiencia es mucho m\u00e1s potente de lo que en un primer momento pensamos. Es una acci\u00f3n de gran impacto en la vida de las personas acogidas. Los chicos no est\u00e1n solos, hay un equipo multidisciplinar que les da apoyo psicosocial, jur\u00eddico, formativo y comunitario. No solo se proporciona techo y comida, Este proyecto es mucho m\u00e1s profundo y consiste en: ayudarles a recuperar la autonom\u00eda, la dignidad y la confianza en s\u00ed mismos. Ese acompa\u00f1amiento ha facilitado su participaci\u00f3n activa en la vida de Calp, integr\u00e1ndose en actividades formativas, deportivas, culturales, l\u00fadicas y solidarias. Colaboran en actos, en jornadas, en campa\u00f1as con asociaciones y entidades del municipio, han pasado de ser \u201cunos desconocidos\u201d a formar parte del d\u00eda a d\u00eda del pueblo.<\/p>\n<p>El objetivo de CONVIVE Fundaci\u00f3n CEPAIM es acompa\u00f1ar a las personas en un proceso progresivo hacia la autonom\u00eda personal y los resultados est\u00e1n ah\u00ed. De todo este trabajo queda una satisfacci\u00f3n dif\u00edcil de describir: saber que alrededor de 100 de estos chicos se han formado en sectores como la hosteler\u00eda, la construcci\u00f3n o la tapicer\u00eda. Los chicos no son n\u00fameros, son personas que se esfuerzan, que aprenden, que quieren trabajar y construir un futuro mejor.<\/p>\n<p>Hasta la fecha, 300 personas han pasado por el centro de Calp. Detr\u00e1s de cada una hay una historia dura, pero tambi\u00e9n una oportunidad. Y detr\u00e1s de esta experiencia hay una certeza: no nos equivocamos al acoger.<\/p>\n<p>Hoy, un a\u00f1o despu\u00e9s, puedo decir que esta experiencia, nos ha dado una lecci\u00f3n profunda y necesaria: cuando miramos al otro como persona y no c\u00f3mo un n\u00famero, cuando abrimos la puerta desde la humanidad y dejamos espacio a la empat\u00eda<strong>, TODOS SALIMOS UN POCO MEJORES.<\/strong><\/p>\n","protected":false},"excerpt":{"rendered":"<p>Aparecieron de repente, la Fundaci\u00f3n CEPAIM lleg\u00f3 a Calp de forma precipitada, nos pill\u00f3 a todos por sorpresa. La crisis humanitaria en Canarias requer\u00eda soluciones inmediatas y el Ministerio de Inclusi\u00f3n Seguridad Social y Migraciones, acord\u00f3 con CEPAIM que fueran ellos, los encargados de acoger a 140 refugiados en Calp.<\/p>\n","protected":false},"author":2,"featured_media":1257,"comment_status":"open","ping_status":"closed","sticky":false,"template":"","format":"standard","meta":{"_jetpack_memberships_contains_paid_content":false,"footnotes":""},"categories":[22,1,3],"tags":[],"class_list":["post-1256","post","type-post","status-publish","format-standard","has-post-thumbnail","hentry","category-22","category-calp","category-marina-alta"],"jetpack_featured_media_url":"https:\/\/marinaguia.com\/wp-content\/uploads\/2026\/01\/CEPAIM.jpeg","jetpack_sharing_enabled":true,"_links":{"self":[{"href":"https:\/\/marinaguia.com\/index.php\/wp-json\/wp\/v2\/posts\/1256","targetHints":{"allow":["GET"]}}],"collection":[{"href":"https:\/\/marinaguia.com\/index.php\/wp-json\/wp\/v2\/posts"}],"about":[{"href":"https:\/\/marinaguia.com\/index.php\/wp-json\/wp\/v2\/types\/post"}],"author":[{"embeddable":true,"href":"https:\/\/marinaguia.com\/index.php\/wp-json\/wp\/v2\/users\/2"}],"replies":[{"embeddable":true,"href":"https:\/\/marinaguia.com\/index.php\/wp-json\/wp\/v2\/comments?post=1256"}],"version-history":[{"count":1,"href":"https:\/\/marinaguia.com\/index.php\/wp-json\/wp\/v2\/posts\/1256\/revisions"}],"predecessor-version":[{"id":1258,"href":"https:\/\/marinaguia.com\/index.php\/wp-json\/wp\/v2\/posts\/1256\/revisions\/1258"}],"wp:featuredmedia":[{"embeddable":true,"href":"https:\/\/marinaguia.com\/index.php\/wp-json\/wp\/v2\/media\/1257"}],"wp:attachment":[{"href":"https:\/\/marinaguia.com\/index.php\/wp-json\/wp\/v2\/media?parent=1256"}],"wp:term":[{"taxonomy":"category","embeddable":true,"href":"https:\/\/marinaguia.com\/index.php\/wp-json\/wp\/v2\/categories?post=1256"},{"taxonomy":"post_tag","embeddable":true,"href":"https:\/\/marinaguia.com\/index.php\/wp-json\/wp\/v2\/tags?post=1256"}],"curies":[{"name":"wp","href":"https:\/\/api.w.org\/{rel}","templated":true}]}}