{"id":1390,"date":"2026-08-31T17:52:08","date_gmt":"2026-08-31T17:52:08","guid":{"rendered":"https:\/\/marinaguia.com\/?p=1390"},"modified":"2026-08-31T17:52:08","modified_gmt":"2026-08-31T17:52:08","slug":"passaport-marina-alta-presenta-en-els-poblets-persianes-amb-art-en-la-3-a-muestra-de-proyectos-turisticos","status":"publish","type":"post","link":"https:\/\/marinaguia.com\/index.php\/2026\/08\/31\/passaport-marina-alta-presenta-en-els-poblets-persianes-amb-art-en-la-3-a-muestra-de-proyectos-turisticos\/","title":{"rendered":"PASSAPORT MARINA ALTA PRESENTA EN ELS POBLETS \u201cPERSIANES AMB ART\u201d EN LA 3.\u00aa MUESTRA DE PROYECTOS TUR\u00cdSTICOS"},"content":{"rendered":"<p><strong>La jornada permitir\u00e1 al sector tur\u00edstico conocer esta iniciativa de arte urbano, descubrir su vinculaci\u00f3n con el municipio y explorar nuevas posibilidades para incorporarla a la oferta tur\u00edstica de la Marina Alta.<\/strong><\/p>\n<p>Els Poblets acoger\u00e1 el pr\u00f3ximo 17 de septiembre la tercera edici\u00f3n de la Muestra de Proyectos Tur\u00edsticos de PACTE\u2019MA CREAMA, una iniciativa de Passaport Marina Alta que tiene como objetivo acercar al tejido empresarial proyectos locales con potencial para enriquecer y diversificar la oferta tur\u00edstica de la comarca.<\/p>\n<p>Con la colaboraci\u00f3n del Ayuntamiento de Els Poblets, la jornada estar\u00e1 dedicada a <strong>Persianes amb Art<\/strong>, un proyecto que ha transformado diferentes persianas del municipio en intervenciones art\u00edsticas. El resultado es un recorrido singular que conecta arte, entorno urbano e identidad local.<\/p>\n<p>Durante el encuentro, las empresas y profesionales participantes podr\u00e1n conocer el origen y la evoluci\u00f3n de la iniciativa de la mano de Ricard P\u00e9rez, presidente de la Fundaci\u00f3 Bale\u00e0ria, quien conducir\u00e1 una visita guiada por algunas de las intervenciones de Persianes amb Art. El recorrido permitir\u00e1 descubrir las posibilidades que ofrece el proyecto como recurso complementario para alojamientos, empresas de turismo activo, comercios, establecimientos de restauraci\u00f3n y otros agentes vinculados al sector.<\/p>\n<p>La jornada tambi\u00e9n ofrecer\u00e1 un espacio para el intercambio de experiencias y el contacto entre empresas, profesionales y entidades de la comarca. De este modo, se busca favorecer la creaci\u00f3n de nuevas colaboraciones y facilitar que los recursos impulsados desde los municipios puedan integrarse en propuestas, recomendaciones y experiencias dirigidas a quienes visitan la Marina Alta.<\/p>\n<p>Con esta tercera edici\u00f3n, Passaport Marina Alta contin\u00faa dando visibilidad a proyectos tur\u00edsticos singulares nacidos en el territorio y reforzando la conexi\u00f3n entre las iniciativas municipales y el tejido empresarial. La finalidad es que las empresas conozcan mejor los recursos de la comarca y puedan contribuir activamente a su difusi\u00f3n y puesta en valor.<\/p>\n<p>La 3.\u00aa Muestra de Proyectos Tur\u00edsticos se celebrar\u00e1 el <strong>17 de septiembre en Els Poblets, a las 09:30 h<\/strong>. La participaci\u00f3n es gratuita, con plazas limitadas y previa inscripci\u00f3n.<\/p>\n<p>Las empresas interesadas pueden inscribirse a trav\u00e9s del siguiente formulario: <a href=\"https:\/\/forms.gle\/NyiLqLTEYfmJeKxc6\">https:\/\/forms.gle\/NyiLqLTEYfmJeKxc6<\/a><\/p>\n<p>&nbsp;<\/p>\n<p>Para m\u00e1s informaci\u00f3n sobre la jornada, pueden contactar a trav\u00e9s del correo <a href=\"mailto:passaport@creama.org\">passaport@creama.org<\/a> o en el tel\u00e9fono 96 642 60 12.<\/p>\n<p><em>El proyecto Passaport Marina Alta, impulsado por CREAMA y PACTE\u2019MA, est\u00e1 subvencionado por la Generalitat Valenciana a trav\u00e9s de LABORA Servicio Valenciano de Empleo y por el Ministerio de Trabajo y Econom\u00eda Social.<\/em><\/p>\n","protected":false},"excerpt":{"rendered":"<p>La jornada permitir\u00e1 al sector tur\u00edstico conocer esta iniciativa de arte urbano, descubrir su vinculaci\u00f3n con el municipio y explorar nuevas posibilidades para incorporarla a la oferta tur\u00edstica de la Marina Alta. Els Poblets acoger\u00e1 el pr\u00f3ximo 17 de septiembre la tercera edici\u00f3n de la Muestra de Proyectos Tur\u00edsticos de<\/p>\n","protected":false},"author":2,"featured_media":1391,"comment_status":"open","ping_status":"closed","sticky":false,"template":"","format":"standard","meta":{"_jetpack_newsletter_access":"","_jetpack_dont_email_post_to_subs":false,"_jetpack_newsletter_tier_id":0,"_jetpack_memberships_contains_paywalled_content":false,"_jetpack_memberships_contains_paid_content":false,"footnotes":""},"categories":[3],"tags":[],"class_list":["post-1390","post","type-post","status-publish","format-standard","has-post-thumbnail","hentry","category-marina-alta"],"jetpack_sharing_enabled":true,"jetpack_featured_media_url":"https:\/\/marinaguia.com\/wp-content\/uploads\/2026\/08\/Cartell_PersianesAmbArt_VAL.png","_links":{"self":[{"href":"https:\/\/marinaguia.com\/index.php\/wp-json\/wp\/v2\/posts\/1390","targetHints":{"allow":["GET"]}}],"collection":[{"href":"https:\/\/marinaguia.com\/index.php\/wp-json\/wp\/v2\/posts"}],"about":[{"href":"https:\/\/marinaguia.com\/index.php\/wp-json\/wp\/v2\/types\/post"}],"author":[{"embeddable":true,"href":"https:\/\/marinaguia.com\/index.php\/wp-json\/wp\/v2\/users\/2"}],"replies":[{"embeddable":true,"href":"https:\/\/marinaguia.com\/index.php\/wp-json\/wp\/v2\/comments?post=1390"}],"version-history":[{"count":1,"href":"https:\/\/marinaguia.com\/index.php\/wp-json\/wp\/v2\/posts\/1390\/revisions"}],"predecessor-version":[{"id":1392,"href":"https:\/\/marinaguia.com\/index.php\/wp-json\/wp\/v2\/posts\/1390\/revisions\/1392"}],"wp:featuredmedia":[{"embeddable":true,"href":"https:\/\/marinaguia.com\/index.php\/wp-json\/wp\/v2\/media\/1391"}],"wp:attachment":[{"href":"https:\/\/marinaguia.com\/index.php\/wp-json\/wp\/v2\/media?parent=1390"}],"wp:term":[{"taxonomy":"category","embeddable":true,"href":"https:\/\/marinaguia.com\/index.php\/wp-json\/wp\/v2\/categories?post=1390"},{"taxonomy":"post_tag","embeddable":true,"href":"https:\/\/marinaguia.com\/index.php\/wp-json\/wp\/v2\/tags?post=1390"}],"curies":[{"name":"wp","href":"https:\/\/api.w.org\/{rel}","templated":true}]}}