{"id":224,"date":"2022-03-22T10:23:17","date_gmt":"2022-03-22T10:23:17","guid":{"rendered":"https:\/\/marinaguia.com\/?p=224"},"modified":"2022-03-22T10:24:30","modified_gmt":"2022-03-22T10:24:30","slug":"las-nuevas-empresas-innovadoras-ya-pueden-contactar-con-creama-para-informarse-de-las-ayudas-al-trabajo-autonomo-publicadas-por-la-conselleria","status":"publish","type":"post","link":"https:\/\/marinaguia.com\/index.php\/2022\/03\/22\/las-nuevas-empresas-innovadoras-ya-pueden-contactar-con-creama-para-informarse-de-las-ayudas-al-trabajo-autonomo-publicadas-por-la-conselleria\/","title":{"rendered":"Las nuevas empresas innovadoras ya pueden contactar con CREAMA para informarse de las ayudas al trabajo aut\u00f3nomo publicadas por la Conselleria."},"content":{"rendered":"<p><img loading=\"lazy\" decoding=\"async\" class=\"size-medium wp-image-225 aligncenter\" src=\"https:\/\/marinaguia.com\/wp-content\/uploads\/2022\/03\/Creama_Benissa_Ajudes_Emprendrer_Innovacio-300x251.png\" alt=\"\" width=\"300\" height=\"251\" srcset=\"https:\/\/marinaguia.com\/wp-content\/uploads\/2022\/03\/Creama_Benissa_Ajudes_Emprendrer_Innovacio-300x251.png 300w, https:\/\/marinaguia.com\/wp-content\/uploads\/2022\/03\/Creama_Benissa_Ajudes_Emprendrer_Innovacio-768x644.png 768w, https:\/\/marinaguia.com\/wp-content\/uploads\/2022\/03\/Creama_Benissa_Ajudes_Emprendrer_Innovacio-360x302.png 360w, https:\/\/marinaguia.com\/wp-content\/uploads\/2022\/03\/Creama_Benissa_Ajudes_Emprendrer_Innovacio-750x629.png 750w, https:\/\/marinaguia.com\/wp-content\/uploads\/2022\/03\/Creama_Benissa_Ajudes_Emprendrer_Innovacio.png 940w\" sizes=\"auto, (max-width: 300px) 100vw, 300px\" \/>La Conselleria de Econom\u00eda Sostenible, Sectores Productivos, Comercio y Trabajo ha convocado las subvenciones de fomento de empleo dirigidas a <strong>las personas emprendedoras<\/strong>, m\u00e1s concretamente, a las personas desempleadas inscritas en LABORA que creen puestos de trabajo a trav\u00e9s de la actividad empresarial independiente, es decir, siempre que se constituyan en aut\u00f3nomos o profesionales por cuenta propia desde el 1 de enero de 2022 y hasta el 30 de junio de 2022.\u00a0Se mantiene como imprescindible que el proyecto empresarial tenga car\u00e1cter innovador y reunir condiciones de viabilidad t\u00e9cnica, econ\u00f3mica y financiera, lo que precisar\u00e1 el informe de cualquiera de las entidades incluidas en el Mapa de Entidades del Ecosistema Emprendedor de la Comunitat Valenciana. Destacar que <strong>Creama<\/strong> es una entidad incluida en el Mapa.Las ayudas van desde los 2.500\u20ac hasta los 4.500\u20ac seg\u00fan el colectivo de emprendedores (desempleados en general, menores de 30 a\u00f1os o mayores de 45, personas con diversidad funcional, etc.), increment\u00e1ndose las cantidades en caso de mujeres.Las solicitudes deber\u00e1n presentarse en el plazo de dos meses desde la fecha de inicio que conste en la Declaraci\u00f3n de Alta en el Censo de Obligados Tributarios.Las personas interesadas en estas ayudas pueden obtener toda la informaci\u00f3n en el CREAMA, a trav\u00e9s de la red de Agencias de Desarrollo Local (ADL) de Benissa, Calp, D\u00e9nia, Gata de Gorgos, Pedreguer, Pego, Teulada-Moraira y X\u00e0bia<\/p>\n","protected":false},"excerpt":{"rendered":"<p>La Conselleria de Econom\u00eda Sostenible, Sectores Productivos, Comercio y Trabajo ha convocado las subvenciones de fomento de empleo dirigidas a las personas emprendedoras, m\u00e1s concretamente, a las personas desempleadas inscritas en LABORA que creen puestos de trabajo a trav\u00e9s de la actividad empresarial independiente, es decir, siempre que se constituyan<\/p>\n","protected":false},"author":1,"featured_media":0,"comment_status":"open","ping_status":"closed","sticky":false,"template":"","format":"standard","meta":{"_jetpack_memberships_contains_paid_content":false,"footnotes":""},"categories":[3],"tags":[],"class_list":["post-224","post","type-post","status-publish","format-standard","hentry","category-marina-alta"],"jetpack_featured_media_url":"","jetpack_sharing_enabled":true,"_links":{"self":[{"href":"https:\/\/marinaguia.com\/index.php\/wp-json\/wp\/v2\/posts\/224","targetHints":{"allow":["GET"]}}],"collection":[{"href":"https:\/\/marinaguia.com\/index.php\/wp-json\/wp\/v2\/posts"}],"about":[{"href":"https:\/\/marinaguia.com\/index.php\/wp-json\/wp\/v2\/types\/post"}],"author":[{"embeddable":true,"href":"https:\/\/marinaguia.com\/index.php\/wp-json\/wp\/v2\/users\/1"}],"replies":[{"embeddable":true,"href":"https:\/\/marinaguia.com\/index.php\/wp-json\/wp\/v2\/comments?post=224"}],"version-history":[{"count":3,"href":"https:\/\/marinaguia.com\/index.php\/wp-json\/wp\/v2\/posts\/224\/revisions"}],"predecessor-version":[{"id":228,"href":"https:\/\/marinaguia.com\/index.php\/wp-json\/wp\/v2\/posts\/224\/revisions\/228"}],"wp:attachment":[{"href":"https:\/\/marinaguia.com\/index.php\/wp-json\/wp\/v2\/media?parent=224"}],"wp:term":[{"taxonomy":"category","embeddable":true,"href":"https:\/\/marinaguia.com\/index.php\/wp-json\/wp\/v2\/categories?post=224"},{"taxonomy":"post_tag","embeddable":true,"href":"https:\/\/marinaguia.com\/index.php\/wp-json\/wp\/v2\/tags?post=224"}],"curies":[{"name":"wp","href":"https:\/\/api.w.org\/{rel}","templated":true}]}}