{"id":237,"date":"2022-05-31T17:12:06","date_gmt":"2022-05-31T17:12:06","guid":{"rendered":"https:\/\/marinaguia.com\/?p=237"},"modified":"2022-05-31T17:14:32","modified_gmt":"2022-05-31T17:14:32","slug":"pactema-presenta-los-resultados-de-su-programa-de-proyectos-experimentales-del-ultimo-ano-y-apuesta-por-su-continuidad","status":"publish","type":"post","link":"https:\/\/marinaguia.com\/index.php\/2022\/05\/31\/pactema-presenta-los-resultados-de-su-programa-de-proyectos-experimentales-del-ultimo-ano-y-apuesta-por-su-continuidad\/","title":{"rendered":"PACTE\u2019MA PRESENTA LOS RESULTADOS DE SU PROGRAMA DE PROYECTOS EXPERIMENTALES DEL \u00daLTIMO A\u00d1O Y APUESTA POR SU CONTINUIDAD"},"content":{"rendered":"<p><strong>El Acuerdo Comarcal en materia de ocupaci\u00f3n y desarrollo local de la Marina Alta (Pacte\u2019MA) contin\u00faa promoviendo el desarrollo territorial inteligente y sostenible con la ejecuci\u00f3n de proyectos innovadores y ajustados a las necesidades comarcales.<\/strong><\/p>\n<p><strong>\u00a0<\/strong><\/p>\n<p>El pasado abril, los proyectos experimentales Observatori Marina Alta, Xarxa Agr\u00edcola, Punt N\u00e0utic, y Passaport Marina Alta presentaron los resultados alcanzados durante el \u00faltimo a\u00f1o en cada una de sus \u00e1reas de actuaci\u00f3n. \u00c9stos han estado marcados por el apoyo a la reactivaci\u00f3n econ\u00f3mica post-Covid y a la vertebraci\u00f3n territorial de la misma, alcanzando numerosos hitos dentro de la planificaci\u00f3n inicial.<\/p>\n<p>Por otra parte, en febrero del presente a\u00f1o, los miembros de Pacte\u2019MA aprobaron por unanimidad la continuaci\u00f3n, un a\u00f1o m\u00e1s, de estos 4 proyectos experimentales que se est\u00e1n ejecutando en la comarca y que inciden de manera clave en sectores estrat\u00e9gicos desde un punto de vista de crecimiento sostenible e integrador de nuestro territorio.<\/p>\n<p>As\u00ed, durante esta nueva etapa, el proyecto Observatori Marina Alta continuar\u00e1 con el asesoramiento y apoyo a los diferentes agentes p\u00fablicos y privados de la comarca que lo necesiten y ofreciendo datos estad\u00edsticos relevantes y actualizados sobre la realidad territorial, social, laboral y econ\u00f3mica de La Marina Alta y sus municipios.<\/p>\n<p>Por su parte, la Xarxa Agr\u00edcola volcar\u00e1 sus esfuerzos en el crecimiento de sus \u201cmicroxarxes\u201d (conexiones a peque\u00f1a escala entre agentes del sector agroalimentario de la Marina Alta), en la continuaci\u00f3n de proyectos como \u201cBiomasa\u201d, \u201cAgro-posidonia\u201d, \u201cPaja de Arroz\u201d, etc., y en la colaboraci\u00f3n con otras entidades, tanto del territorio como externas al mismo, para la ejecuci\u00f3n de l\u00edneas de acci\u00f3n enfocadas a la revitalizaci\u00f3n del sector agrario de la comarca.<\/p>\n<p>Punt N\u00e0utic, adem\u00e1s de realizar seguimiento de la formaci\u00f3n n\u00e1utica en el territorio, fomentar\u00e1 la creaci\u00f3n de nuevas oportunidades de negocio y la aparici\u00f3n de nuevos nichos de empleo en el sector n\u00e1utico, as\u00ed como, favorecer\u00e1 el desarrollo del sector pesquero comarcal y fomentar\u00e1 el comercio local de proximidad.<\/p>\n<p>Por \u00faltimo, Passaport Marina Alta seguir\u00e1 construyendo un espacio web donde volcar todo el trabajo que se est\u00e1 realizando de manera colaborativa con todas las entidades involucradas en el desarrollo tur\u00edstico de La Marina Alta, para afianzar un modelo m\u00e1s sostenible, integrador, y vertebrador del territorio que ayude a desestacionalizar el turismo en nuestra zona.<\/p>\n<p>Todos estos proyectos tienen como referencia la hoja de ruta definida en la Estrategia Marina Alta y se ejecutan desde Creama como Secretar\u00eda T\u00e9cnica de Pacte\u2019MA \u2013Pacto Territorial formado por 32 municipios de la comarca y 14 entidades p\u00fablicas y privadas-. Estos proyectos se engloban dentro del programa Avalem Territori de la Generalitat Valenciana, que subvenciona el Ministerio de Empleo y Seguridad Social a trav\u00e9s de Labora con una dotaci\u00f3n de 240.000\u20ac. Para ampliar informaci\u00f3n sobre estos proyectos y Pacte\u2019MA, se puede visitar la web de <a href=\"http:\/\/www.creama.org\/\">CREAMA<\/a>.<\/p>\n","protected":false},"excerpt":{"rendered":"<p>El Acuerdo Comarcal en materia de ocupaci\u00f3n y desarrollo local de la Marina Alta (Pacte\u2019MA) contin\u00faa promoviendo el desarrollo territorial inteligente y sostenible con la ejecuci\u00f3n de proyectos innovadores y ajustados a las necesidades comarcales. \u00a0 El pasado abril, los proyectos experimentales Observatori Marina Alta, Xarxa Agr\u00edcola, Punt N\u00e0utic, y<\/p>\n","protected":false},"author":1,"featured_media":0,"comment_status":"open","ping_status":"closed","sticky":false,"template":"","format":"gallery","meta":{"_jetpack_memberships_contains_paid_content":false,"footnotes":""},"categories":[3],"tags":[],"class_list":["post-237","post","type-post","status-publish","format-gallery","hentry","category-marina-alta","post_format-post-format-gallery"],"jetpack_featured_media_url":"","jetpack_sharing_enabled":true,"_links":{"self":[{"href":"https:\/\/marinaguia.com\/index.php\/wp-json\/wp\/v2\/posts\/237","targetHints":{"allow":["GET"]}}],"collection":[{"href":"https:\/\/marinaguia.com\/index.php\/wp-json\/wp\/v2\/posts"}],"about":[{"href":"https:\/\/marinaguia.com\/index.php\/wp-json\/wp\/v2\/types\/post"}],"author":[{"embeddable":true,"href":"https:\/\/marinaguia.com\/index.php\/wp-json\/wp\/v2\/users\/1"}],"replies":[{"embeddable":true,"href":"https:\/\/marinaguia.com\/index.php\/wp-json\/wp\/v2\/comments?post=237"}],"version-history":[{"count":5,"href":"https:\/\/marinaguia.com\/index.php\/wp-json\/wp\/v2\/posts\/237\/revisions"}],"predecessor-version":[{"id":243,"href":"https:\/\/marinaguia.com\/index.php\/wp-json\/wp\/v2\/posts\/237\/revisions\/243"}],"wp:attachment":[{"href":"https:\/\/marinaguia.com\/index.php\/wp-json\/wp\/v2\/media?parent=237"}],"wp:term":[{"taxonomy":"category","embeddable":true,"href":"https:\/\/marinaguia.com\/index.php\/wp-json\/wp\/v2\/categories?post=237"},{"taxonomy":"post_tag","embeddable":true,"href":"https:\/\/marinaguia.com\/index.php\/wp-json\/wp\/v2\/tags?post=237"}],"curies":[{"name":"wp","href":"https:\/\/api.w.org\/{rel}","templated":true}]}}