{"id":253,"date":"2022-07-03T17:16:04","date_gmt":"2022-07-03T17:16:04","guid":{"rendered":"https:\/\/marinaguia.com\/?p=253"},"modified":"2022-07-03T17:21:07","modified_gmt":"2022-07-03T17:21:07","slug":"vii-comite-de-trabajo-de-passaport-marina-alta-de-creama-y-pactema","status":"publish","type":"post","link":"https:\/\/marinaguia.com\/index.php\/2022\/07\/03\/vii-comite-de-trabajo-de-passaport-marina-alta-de-creama-y-pactema\/","title":{"rendered":"VII Comit\u00e9 de trabajo de Passaport Marina Alta de CREAMA y PACTE\u2019MA"},"content":{"rendered":"<p><img loading=\"lazy\" decoding=\"async\" class=\"alignnone size-medium wp-image-254\" src=\"https:\/\/marinaguia.com\/wp-content\/uploads\/2022\/07\/VII_COMITE_PASSAPORT-COMP-300x108.jpg\" alt=\"\" width=\"300\" height=\"108\" srcset=\"https:\/\/marinaguia.com\/wp-content\/uploads\/2022\/07\/VII_COMITE_PASSAPORT-COMP-300x108.jpg 300w, https:\/\/marinaguia.com\/wp-content\/uploads\/2022\/07\/VII_COMITE_PASSAPORT-COMP-768x277.jpg 768w, https:\/\/marinaguia.com\/wp-content\/uploads\/2022\/07\/VII_COMITE_PASSAPORT-COMP-360x130.jpg 360w, https:\/\/marinaguia.com\/wp-content\/uploads\/2022\/07\/VII_COMITE_PASSAPORT-COMP-750x271.jpg 750w, https:\/\/marinaguia.com\/wp-content\/uploads\/2022\/07\/VII_COMITE_PASSAPORT-COMP.jpg 998w\" sizes=\"auto, (max-width: 300px) 100vw, 300px\" \/><\/p>\n<p>El Comit\u00e9 asesor del proyecto Passaport Marina Alta de CREAMA y PACTE\u2019MA llev\u00f3 a cabo de forma on-line la s\u00e9ptima reuni\u00f3n de trabajo durante la ma\u00f1ana del jueves d\u00eda 30 de junio. Este Comit\u00e9 est\u00e1 formado por representantes del sector empresarial vinculados al turismo de la comarca, as\u00ed como t\u00e9cnicos y concejales de turismo y agentes de desarrollo local de la Marina Alta.<br \/>\nEn esta edici\u00f3n se presentaron los resultados alcanzados en la anualidad 2021-2022, se consensu\u00f3 la incorporaci\u00f3n de nuevos agentes a este Comit\u00e9 y se debatieron propuestas para ampliar y enriquecer las rutas- experiencias que se van creando en la web www.passaportmarinaalta.org. Se contin\u00faa con el objetivo de vertebrar el territorio y mostrar en una misma herramienta digital los recursos culturales, patrimoniales y naturales de la Marina Alta y a su vez los recursos empresariales; tratando as\u00ed que la Marina Alta se convierta en un destino vertebrado a visitar y conocer a lo largo de todo el a\u00f1o.Las sesiones de trabajo del Comit\u00e9 asesor de Passaport Marina Alta se vienen realizando cada tres meses y permiten un an\u00e1lisis e intercambio de informaci\u00f3n entre todos los agentes vinculados al territorio, analizando diferentes puntos de vista del turismo desde la visi\u00f3n del sector privado y del sector p\u00fablico.<br \/>\nEl proyecto experimental Passaport Marina Alta se engloba dentro del PACTE\u2019MA y \u00e9ste en el programa Avalem Territori. Est\u00e1 subvencionado por LABORA, Servicio Valenciano de Ocupaci\u00f3n y Formaci\u00f3n y por el Ministerio de Trabajo y Econom\u00eda Social.<\/p>\n","protected":false},"excerpt":{"rendered":"<p>El Comit\u00e9 asesor del proyecto Passaport Marina Alta de CREAMA y PACTE\u2019MA llev\u00f3 a cabo de forma on-line la s\u00e9ptima reuni\u00f3n de trabajo durante la ma\u00f1ana del jueves d\u00eda 30 de junio. Este Comit\u00e9 est\u00e1 formado por representantes del sector empresarial vinculados al turismo de la comarca, as\u00ed como t\u00e9cnicos<\/p>\n","protected":false},"author":1,"featured_media":254,"comment_status":"open","ping_status":"closed","sticky":false,"template":"","format":"gallery","meta":{"_jetpack_memberships_contains_paid_content":false,"footnotes":""},"categories":[3],"tags":[],"class_list":["post-253","post","type-post","status-publish","format-gallery","has-post-thumbnail","hentry","category-marina-alta","post_format-post-format-gallery"],"jetpack_featured_media_url":"https:\/\/marinaguia.com\/wp-content\/uploads\/2022\/07\/VII_COMITE_PASSAPORT-COMP.jpg","jetpack_sharing_enabled":true,"_links":{"self":[{"href":"https:\/\/marinaguia.com\/index.php\/wp-json\/wp\/v2\/posts\/253","targetHints":{"allow":["GET"]}}],"collection":[{"href":"https:\/\/marinaguia.com\/index.php\/wp-json\/wp\/v2\/posts"}],"about":[{"href":"https:\/\/marinaguia.com\/index.php\/wp-json\/wp\/v2\/types\/post"}],"author":[{"embeddable":true,"href":"https:\/\/marinaguia.com\/index.php\/wp-json\/wp\/v2\/users\/1"}],"replies":[{"embeddable":true,"href":"https:\/\/marinaguia.com\/index.php\/wp-json\/wp\/v2\/comments?post=253"}],"version-history":[{"count":5,"href":"https:\/\/marinaguia.com\/index.php\/wp-json\/wp\/v2\/posts\/253\/revisions"}],"predecessor-version":[{"id":259,"href":"https:\/\/marinaguia.com\/index.php\/wp-json\/wp\/v2\/posts\/253\/revisions\/259"}],"wp:featuredmedia":[{"embeddable":true,"href":"https:\/\/marinaguia.com\/index.php\/wp-json\/wp\/v2\/media\/254"}],"wp:attachment":[{"href":"https:\/\/marinaguia.com\/index.php\/wp-json\/wp\/v2\/media?parent=253"}],"wp:term":[{"taxonomy":"category","embeddable":true,"href":"https:\/\/marinaguia.com\/index.php\/wp-json\/wp\/v2\/categories?post=253"},{"taxonomy":"post_tag","embeddable":true,"href":"https:\/\/marinaguia.com\/index.php\/wp-json\/wp\/v2\/tags?post=253"}],"curies":[{"name":"wp","href":"https:\/\/api.w.org\/{rel}","templated":true}]}}