{"id":311,"date":"2023-05-09T12:01:00","date_gmt":"2023-05-09T12:01:00","guid":{"rendered":"https:\/\/marinaguia.com\/?p=311"},"modified":"2023-05-09T12:01:00","modified_gmt":"2023-05-09T12:01:00","slug":"firacalp-abre-el-jueves-sus-puertas-en-la-plaza-mayor","status":"publish","type":"post","link":"https:\/\/marinaguia.com\/index.php\/2023\/05\/09\/firacalp-abre-el-jueves-sus-puertas-en-la-plaza-mayor\/","title":{"rendered":"FiraCalp abre el jueves sus puertas  en la plaza Mayor"},"content":{"rendered":"<p><strong><u>La feria alcanza su\u00a0 decimotercera edici\u00f3n<\/u><\/strong><\/p>\n<p>FiraCalp, la feria de gastronom\u00eda y comercio de la ciudad del Pe\u00f1\u00f3n, abre de nuevo el jueves sus puertas en la plaza Mayor organizada por el Ayuntamiento y Creama-Calpe, con la colaboraci\u00f3n de la Asociaci\u00f3n de Empresarios de Calpe y la Cofrad\u00eda de Pescadores.<\/p>\n<p>La feria, que alcanza su decimotercera edici\u00f3n y vuelve a la plaza Mayor, contar\u00e1 este a\u00f1o con 18 stands de restaurantes, cafeter\u00edas y coctelerias y adem\u00e1s refuerza su parte comercial con la participaci\u00f3n de 11 comercios que exhibir\u00e1n sus productos.<\/p>\n<p>Los hosteleros ofertar\u00e1n un mayor n\u00famero de tapas, cuatro tapas y un postre por caseta, que se ofrecer\u00e1n a precios populares, de entre 2 y 6 euros.\u00a0 Tambi\u00e9n la Asociaci\u00f3n de Moros y Cristianos participar\u00e1 en FiraCalp para vender la bebida: cerveza, refrescos y agua; los beneficios que obtengan se destinar\u00e1n a la organizaci\u00f3n de las fiestas patronales de este a\u00f1o. Junto a todo esto tendr\u00e1n lugar actividades paralelas como actuaciones musicales y de danza, firma de libros, catas de\u00a0 vino y aceite, espect\u00e1culos de magia, exhibiciones de entrenamientos, etc.<\/p>\n<p>En esta edici\u00f3n vuelve a celebrarse el corte de pelo solidario, el domingo 14 a partir de las 11 de la ma\u00f1ana\u00a0 un total de siete peluquer\u00edas locales cortar\u00e1n el pelo a beneficio de la ONG Payasospital con la colaboraci\u00f3n\u00a0 de la Alicante\u00a0 para la lucha contra el C\u00e1ncer sede de Calp.<\/p>\n<p>Este a\u00f1o tambi\u00e9n\u00a0 se celebra el I Concurso de Tapas de Gamba Blanca de Calp en el que participan\u00a0 cinco restaurantes: El boquer\u00f3n de plata, El Arco, El Santo, Plaers y Calentura Bistro. Cada uno de ellos ofertar\u00e1 una tapa cuyo ingrediente principal ser\u00e1 la gamba\u00a0 blanca, la tapa\u00a0 tendr\u00e1 un precio de\u00a0 2 euros y los consumidores podr\u00e1n\u00a0 votar la\u00a0 mejor tapa a trav\u00e9s de un formulario on line y ganar una cena en alguno de los\u00a0 restaurantes participantes.<\/p>\n<p>La feria abrir\u00e1 sus puertas el jueves 11 de mayo a las 19 horas y se prolongar\u00e1 hasta el domingo. Este certamen ha congregado en ediciones anteriores a 12.000 personas a lo largo de sus cuatro d\u00edas.<\/p>\n<p><strong><u>\u00a0<\/u><\/strong><\/p>\n","protected":false},"excerpt":{"rendered":"<p>La feria alcanza su\u00a0 decimotercera edici\u00f3n FiraCalp, la feria de gastronom\u00eda y comercio de la ciudad del Pe\u00f1\u00f3n, abre de nuevo el jueves sus puertas en la plaza Mayor organizada por el Ayuntamiento y Creama-Calpe, con la colaboraci\u00f3n de la Asociaci\u00f3n de Empresarios de Calpe y la Cofrad\u00eda de Pescadores.<\/p>\n","protected":false},"author":1,"featured_media":312,"comment_status":"open","ping_status":"closed","sticky":false,"template":"","format":"standard","meta":{"_jetpack_memberships_contains_paid_content":false,"footnotes":""},"categories":[1],"tags":[],"class_list":["post-311","post","type-post","status-publish","format-standard","has-post-thumbnail","hentry","category-calp"],"jetpack_featured_media_url":"https:\/\/marinaguia.com\/wp-content\/uploads\/2023\/05\/33455511_1836049273123443_3227713814669557760_n.jpg","jetpack_sharing_enabled":true,"_links":{"self":[{"href":"https:\/\/marinaguia.com\/index.php\/wp-json\/wp\/v2\/posts\/311","targetHints":{"allow":["GET"]}}],"collection":[{"href":"https:\/\/marinaguia.com\/index.php\/wp-json\/wp\/v2\/posts"}],"about":[{"href":"https:\/\/marinaguia.com\/index.php\/wp-json\/wp\/v2\/types\/post"}],"author":[{"embeddable":true,"href":"https:\/\/marinaguia.com\/index.php\/wp-json\/wp\/v2\/users\/1"}],"replies":[{"embeddable":true,"href":"https:\/\/marinaguia.com\/index.php\/wp-json\/wp\/v2\/comments?post=311"}],"version-history":[{"count":1,"href":"https:\/\/marinaguia.com\/index.php\/wp-json\/wp\/v2\/posts\/311\/revisions"}],"predecessor-version":[{"id":313,"href":"https:\/\/marinaguia.com\/index.php\/wp-json\/wp\/v2\/posts\/311\/revisions\/313"}],"wp:featuredmedia":[{"embeddable":true,"href":"https:\/\/marinaguia.com\/index.php\/wp-json\/wp\/v2\/media\/312"}],"wp:attachment":[{"href":"https:\/\/marinaguia.com\/index.php\/wp-json\/wp\/v2\/media?parent=311"}],"wp:term":[{"taxonomy":"category","embeddable":true,"href":"https:\/\/marinaguia.com\/index.php\/wp-json\/wp\/v2\/categories?post=311"},{"taxonomy":"post_tag","embeddable":true,"href":"https:\/\/marinaguia.com\/index.php\/wp-json\/wp\/v2\/tags?post=311"}],"curies":[{"name":"wp","href":"https:\/\/api.w.org\/{rel}","templated":true}]}}