{"id":350,"date":"2023-06-23T22:28:04","date_gmt":"2023-06-23T22:28:04","guid":{"rendered":"https:\/\/marinaguia.com\/?p=350"},"modified":"2023-06-23T22:28:04","modified_gmt":"2023-06-23T22:28:04","slug":"la-alcaldesa-firma-las-delegaciones-del-equipo-de-gobierno-calpino","status":"publish","type":"post","link":"https:\/\/marinaguia.com\/index.php\/2023\/06\/23\/la-alcaldesa-firma-las-delegaciones-del-equipo-de-gobierno-calpino\/","title":{"rendered":"La alcaldesa firma las delegaciones del equipo de gobierno calpino"},"content":{"rendered":"<p><strong>Se crea la Oficina de Vivienda y Okupaci\u00f3n que depender\u00e1 de alcald\u00eda<\/strong><br \/>\nLa alcaldesa de Calp, Ana Sala, ha firmado hoy el decreto con la distribuci\u00f3n de delegaciones del nuevo ejecutivo calpino formado por Somos Calpe, PSPV-PSOE y Comprom\u00eds.<br \/>\nAna Sala mantiene la Alcald\u00eda, as\u00ed como la concejal\u00eda de Comunicaci\u00f3n y la reci\u00e9n creada \u00abOficina de Vivienda y Okupaci\u00f3n\u00bb, sin duda, la gran novedad de esta legislatura que obedece seg\u00fan la alcaldesa a \u00abla preocupaci\u00f3n real de este gobierno por solventar los problemas de residencia de larga duraci\u00f3n, ya nos hemos puesto a trabajar en las bases de ayudas a alquiler, este es un objetivo prioritario aunque requerimos la ayuda de otras administraciones\u00bb. Sala asume tambi\u00e9n las competencias de Transparencia.<br \/>\nEl gobierno se estructura en ocho \u00e1reas:<\/p>\n<p>1. \u00c1rea de Hacienda, Comunicaci\u00f3n, Oficina de Vivienda y Okupaci\u00f3n, Buen gobierno y Transparencia, que asume la alcaldesa.<br \/>\n2. \u00c1rea de Urbanismo, Infraestructuras, Calidad-Imagen Urbana, Parques y jardines, Ciclo Integral del agua, RSU y Limpieza Viaria, que asume el primer teniente de alcalde Juan Manuel del Pino.<br \/>\n3. Cultura, Casco Antiguo, Seguridad Ciudadana, Protecci\u00f3n Civil y Emergencias, que asume el segundo teniente de alcalde Guillermo Sendra.<br \/>\n4. \u00c1rea de Contrataci\u00f3n, que asume el tercer teniente de alcalde, Ximo Perles.<br \/>\n5.- \u00c1rea de Recursos Humanos, Promoci\u00f3n Econ\u00f3mica, Creama, Casa Nova (campus de formaci\u00f3n), Desarrollo Local, Comercio, OAC, OMIC y Mercados, que asume la cuarta teniente de alcalde, Paqui Solivelles.<br \/>\n6. \u00c1rea de Educaci\u00f3n, Casa Nova (sede universitaria), Fiestas, Puertos y Pesca, que asume la quinta teniente de alcalde, Mariola Mulet.<br \/>\n7. \u00c1rea de Asociaciones, Juventud, Infancia y Adolescencia, Participaci\u00f3n Ciudadana, R\u00e9gimen interior, Mayores y Centro C\u00edvico, Delegados de Zona, que asume la sexta teniente de alcalde Rebeca Merchan.<br \/>\n8. \u00c1rea de Bienestar Social, Igualdad y Protecci\u00f3n de la Salud, que asume la s\u00e9ptima tenente de alcalde Itziar Doval.<\/p>\n<p>Adem\u00e1s se nombra a Marco Bittner delegado especial de Residentes, Inform\u00e1tica, Subvenciones, Turismo, Hermanamientos y Parque del Descanso Eterno, adem\u00e1s de delegado especial del Proyecto Edusi y Fondos Next Generation.<br \/>\nY se nombra a Pedro Moll, delegado especial de Cambio Clim\u00e1tico, Medio Ambiente, Playas, Urbanizaciones, SaLubridad P\u00fablica y Bienestar Animal y Deportes.<br \/>\nAdem\u00e1s, seg\u00fan ha anunciado la alcaldesa, las portavoc\u00edas quedar\u00e1n de la siguiente forma: Juan Manuel del Pino ser\u00e1 el portavoz de Somos Calpe, Guillermo Sendra del grupo municipal socialista y Ximo Perles lo ser\u00e1 de Comprom\u00eds y adem\u00e1s ser\u00e1 portavoz del Gobierno.<br \/>\nLa alcaldesa ha destacado que \u00abtengo mucha confianza en este equipo de gobierno, las competencias se vinculan a la formaci\u00f3n e ilusi\u00f3n de cada uno de los concejales del gobierno, y se establece que los ediles de Comprom\u00eds asumir\u00e1n delegaciones a finales de a\u00f1o\u00bb.<br \/>\nEn cuanto a la periodicidad de las sesiones, creaci\u00f3n de comisiones informativas y la relaci\u00f3n de ediles con dedicaci\u00f3n exclusiva o parcial y relaci\u00f3n del personal eventual se dar\u00e1 conocer a lo largo de los pr\u00f3ximos d\u00edas.<\/p>\n<p>&nbsp;<\/p>\n<p>&nbsp;<\/p>\n","protected":false},"excerpt":{"rendered":"<p>Se crea la Oficina de Vivienda y Okupaci\u00f3n que depender\u00e1 de alcald\u00eda La alcaldesa de Calp, Ana Sala, ha firmado hoy el decreto con la distribuci\u00f3n de delegaciones del nuevo ejecutivo calpino formado por Somos Calpe, PSPV-PSOE y Comprom\u00eds. Ana Sala mantiene la Alcald\u00eda, as\u00ed como la concejal\u00eda de Comunicaci\u00f3n<\/p>\n","protected":false},"author":1,"featured_media":351,"comment_status":"open","ping_status":"closed","sticky":false,"template":"","format":"standard","meta":{"_jetpack_memberships_contains_paid_content":false,"footnotes":""},"categories":[1,3],"tags":[],"class_list":["post-350","post","type-post","status-publish","format-standard","has-post-thumbnail","hentry","category-calp","category-marina-alta"],"jetpack_featured_media_url":"https:\/\/marinaguia.com\/wp-content\/uploads\/2023\/06\/AYTO-POS-383-dos.jpg","jetpack_sharing_enabled":true,"_links":{"self":[{"href":"https:\/\/marinaguia.com\/index.php\/wp-json\/wp\/v2\/posts\/350","targetHints":{"allow":["GET"]}}],"collection":[{"href":"https:\/\/marinaguia.com\/index.php\/wp-json\/wp\/v2\/posts"}],"about":[{"href":"https:\/\/marinaguia.com\/index.php\/wp-json\/wp\/v2\/types\/post"}],"author":[{"embeddable":true,"href":"https:\/\/marinaguia.com\/index.php\/wp-json\/wp\/v2\/users\/1"}],"replies":[{"embeddable":true,"href":"https:\/\/marinaguia.com\/index.php\/wp-json\/wp\/v2\/comments?post=350"}],"version-history":[{"count":2,"href":"https:\/\/marinaguia.com\/index.php\/wp-json\/wp\/v2\/posts\/350\/revisions"}],"predecessor-version":[{"id":353,"href":"https:\/\/marinaguia.com\/index.php\/wp-json\/wp\/v2\/posts\/350\/revisions\/353"}],"wp:featuredmedia":[{"embeddable":true,"href":"https:\/\/marinaguia.com\/index.php\/wp-json\/wp\/v2\/media\/351"}],"wp:attachment":[{"href":"https:\/\/marinaguia.com\/index.php\/wp-json\/wp\/v2\/media?parent=350"}],"wp:term":[{"taxonomy":"category","embeddable":true,"href":"https:\/\/marinaguia.com\/index.php\/wp-json\/wp\/v2\/categories?post=350"},{"taxonomy":"post_tag","embeddable":true,"href":"https:\/\/marinaguia.com\/index.php\/wp-json\/wp\/v2\/tags?post=350"}],"curies":[{"name":"wp","href":"https:\/\/api.w.org\/{rel}","templated":true}]}}