{"id":358,"date":"2023-06-29T09:04:32","date_gmt":"2023-06-29T09:04:32","guid":{"rendered":"https:\/\/marinaguia.com\/?p=358"},"modified":"2023-06-29T09:06:15","modified_gmt":"2023-06-29T09:06:15","slug":"calp-clama-por-una-sociedad-en-la-que-el-amor-se-imponga-al-odio-y-la-intolerancia-en-el-dia-del-orgullo-lgtbiq","status":"publish","type":"post","link":"https:\/\/marinaguia.com\/index.php\/2023\/06\/29\/calp-clama-por-una-sociedad-en-la-que-el-amor-se-imponga-al-odio-y-la-intolerancia-en-el-dia-del-orgullo-lgtbiq\/","title":{"rendered":"Calp clama por una sociedad en la que el amor se imponga al odio y la intolerancia en el D\u00eda del Orgullo LGTBIQ+"},"content":{"rendered":"<p>Miembros de la corporaci\u00f3n municipal as\u00ed como la ciudadan\u00eda calpina celebraron ayer por la tarde en un acto festivo y reivindicativo el D\u00eda del Orgullo LGTBI. El concejal de Somos Calpe Pere Moll ley\u00f3 un manifiesto en el que se\u00f1al\u00f3 la necesidad de que el amor \u201cse imponga al odio y la intolerancia\u201d y abog\u00f3 por una normalidad \u201ccargada de visibilidad, lucha, diversidad y sobre todo de libertad verdadera\u201d en relaci\u00f3n a los derechos del colectivo LGTBIQ+.<\/p>\n<p>Moll pronunci\u00f3 este discurso desde el balc\u00f3n del Ayuntamiento en el que se coloc\u00f3 una gran bandera arco\u00edris. A continuaci\u00f3n tuvo lugar una marcha hasta la plaza Col\u00f3n donde se iz\u00f3 una segunda bandera LGTBIQ+ y se hizo un recorrido en el tren tur\u00edstico.<\/p>\n<p>Junto a estos actos y para conmemorar este d\u00eda se ha iluminado la fachada del Ayuntamiento en la plaza Miguel Rosell\u00f3 y la Casa Nova con los colores del arco\u00edris.<\/p>\n","protected":false},"excerpt":{"rendered":"<p>Miembros de la corporaci\u00f3n municipal as\u00ed como la ciudadan\u00eda calpina celebraron ayer por la tarde en un acto festivo y reivindicativo el D\u00eda del Orgullo LGTBI. El concejal de Somos Calpe Pere Moll ley\u00f3 un manifiesto en el que se\u00f1al\u00f3 la necesidad de que el amor \u201cse imponga al odio<\/p>\n","protected":false},"author":2,"featured_media":363,"comment_status":"open","ping_status":"closed","sticky":false,"template":"","format":"standard","meta":{"_jetpack_memberships_contains_paid_content":false,"footnotes":""},"categories":[1,3],"tags":[],"class_list":["post-358","post","type-post","status-publish","format-standard","has-post-thumbnail","hentry","category-calp","category-marina-alta"],"jetpack_featured_media_url":"https:\/\/marinaguia.com\/wp-content\/uploads\/2023\/06\/Dia-Orgullo-LGTBIQ-CALP-4-1.jpg","jetpack_sharing_enabled":true,"_links":{"self":[{"href":"https:\/\/marinaguia.com\/index.php\/wp-json\/wp\/v2\/posts\/358","targetHints":{"allow":["GET"]}}],"collection":[{"href":"https:\/\/marinaguia.com\/index.php\/wp-json\/wp\/v2\/posts"}],"about":[{"href":"https:\/\/marinaguia.com\/index.php\/wp-json\/wp\/v2\/types\/post"}],"author":[{"embeddable":true,"href":"https:\/\/marinaguia.com\/index.php\/wp-json\/wp\/v2\/users\/2"}],"replies":[{"embeddable":true,"href":"https:\/\/marinaguia.com\/index.php\/wp-json\/wp\/v2\/comments?post=358"}],"version-history":[{"count":1,"href":"https:\/\/marinaguia.com\/index.php\/wp-json\/wp\/v2\/posts\/358\/revisions"}],"predecessor-version":[{"id":364,"href":"https:\/\/marinaguia.com\/index.php\/wp-json\/wp\/v2\/posts\/358\/revisions\/364"}],"wp:featuredmedia":[{"embeddable":true,"href":"https:\/\/marinaguia.com\/index.php\/wp-json\/wp\/v2\/media\/363"}],"wp:attachment":[{"href":"https:\/\/marinaguia.com\/index.php\/wp-json\/wp\/v2\/media?parent=358"}],"wp:term":[{"taxonomy":"category","embeddable":true,"href":"https:\/\/marinaguia.com\/index.php\/wp-json\/wp\/v2\/categories?post=358"},{"taxonomy":"post_tag","embeddable":true,"href":"https:\/\/marinaguia.com\/index.php\/wp-json\/wp\/v2\/tags?post=358"}],"curies":[{"name":"wp","href":"https:\/\/api.w.org\/{rel}","templated":true}]}}