{"id":365,"date":"2023-06-29T16:27:12","date_gmt":"2023-06-29T16:27:12","guid":{"rendered":"https:\/\/marinaguia.com\/?p=365"},"modified":"2023-06-29T16:27:12","modified_gmt":"2023-06-29T16:27:12","slug":"calp-solicita-unirse-a-la-red-construir-europa-con-las-autoridades-locales","status":"publish","type":"post","link":"https:\/\/marinaguia.com\/index.php\/2023\/06\/29\/calp-solicita-unirse-a-la-red-construir-europa-con-las-autoridades-locales\/","title":{"rendered":"Calp solicita unirse a la red \u00abConstruir Europa con las autoridades locales\u00bb"},"content":{"rendered":"<p>El Ayuntamiento de Calp ha solicitado unirse a la red \u00abConstruir Europa con las autoridades locales\u00bb (BELC, por sus siglas en ingl\u00e9s), un programa piloto de la Comisi\u00f3n Europea que tiene como fin crear una red europea de representantes pol\u00edticos a nivel local para mejorar la comunicaci\u00f3n de la Uni\u00f3n Europea con las administraciones locales y su ciudadan\u00eda.<\/p>\n<p>El consistorio calpino aprob\u00f3 por unanimidad en el pleno del 13 de marzo una moci\u00f3n presentada por el grupo municipal socialista para que el Ayuntamiento de Calp pudiera adherirse a este proyecto. Y ahora se ha designado al concejal de Residentes, del proyecto EDUSI y de los fondos Next Generation, Marco Bittner, como representante del municipio en esta iniciativa, quien ser\u00e1 el encargado de solicitar la adhesi\u00f3n del Ayuntamiento a dicha red.<\/p>\n<p>\u201cSe trata de acercar Europa a los ciudadanos a trav\u00e9s de su Ayuntamiento. De esta manera las administraciones locales se convierten en \u201cembajadoras\u201c de la UE ante la ciudadan\u00eda para que puedan conocer m\u00e1s f\u00e1cilmente las pol\u00edticas y el funcionamiento de la UE, que muchas veces es percibida como una instituci\u00f3n lejana\u201d, ha se\u00f1alado Marco Bittner.<\/p>\n<p>Entre las funciones que asumir\u00e1 Bittner se encuentra la de presentar los proyectos de la UE ante la poblaci\u00f3n, promover debates sobre las iniciativas y medidas pol\u00edticas llevadas a cabo por la UE, impulsar la participaci\u00f3n de la ciudadan\u00eda en torno a estos temas o asistir a los seminarios y visitas que ofrece la Comisi\u00f3n Europea, entre otras tareas.<\/p>\n<p>Hay que recordar que Calp es beneficiaria de fondos FEDER a trav\u00e9s de la Estrategia de desarrollo sostenible e integrado (EDUSI) y recientemente de los fondos Next Generation, a trav\u00e9s de los cuales se llevar\u00e1n a cabo el Plan de Sostenibilidad Tur\u00edstica Calp 2026 con una inversi\u00f3n de 2.001.722 \u20ac.<\/p>\n<p>Actualmente Calp es el \u00fanico municipio de la Marina Alta que forma parte de la red europea ya que la membres\u00eda de J\u00e1vea en esta iniciativa expir\u00f3 al finalizar la legislatura.<\/p>\n","protected":false},"excerpt":{"rendered":"<p>El Ayuntamiento de Calp ha solicitado unirse a la red \u00abConstruir Europa con las autoridades locales\u00bb (BELC, por sus siglas en ingl\u00e9s), un programa piloto de la Comisi\u00f3n Europea que tiene como fin crear una red europea de representantes pol\u00edticos a nivel local para mejorar la comunicaci\u00f3n de la Uni\u00f3n<\/p>\n","protected":false},"author":2,"featured_media":366,"comment_status":"open","ping_status":"closed","sticky":false,"template":"","format":"standard","meta":{"_jetpack_memberships_contains_paid_content":false,"footnotes":""},"categories":[1,3],"tags":[],"class_list":["post-365","post","type-post","status-publish","format-standard","has-post-thumbnail","hentry","category-calp","category-marina-alta"],"jetpack_featured_media_url":"https:\/\/marinaguia.com\/wp-content\/uploads\/2023\/06\/Marco-Bittner-con-Ana-Sala.jpeg","jetpack_sharing_enabled":true,"_links":{"self":[{"href":"https:\/\/marinaguia.com\/index.php\/wp-json\/wp\/v2\/posts\/365","targetHints":{"allow":["GET"]}}],"collection":[{"href":"https:\/\/marinaguia.com\/index.php\/wp-json\/wp\/v2\/posts"}],"about":[{"href":"https:\/\/marinaguia.com\/index.php\/wp-json\/wp\/v2\/types\/post"}],"author":[{"embeddable":true,"href":"https:\/\/marinaguia.com\/index.php\/wp-json\/wp\/v2\/users\/2"}],"replies":[{"embeddable":true,"href":"https:\/\/marinaguia.com\/index.php\/wp-json\/wp\/v2\/comments?post=365"}],"version-history":[{"count":1,"href":"https:\/\/marinaguia.com\/index.php\/wp-json\/wp\/v2\/posts\/365\/revisions"}],"predecessor-version":[{"id":367,"href":"https:\/\/marinaguia.com\/index.php\/wp-json\/wp\/v2\/posts\/365\/revisions\/367"}],"wp:featuredmedia":[{"embeddable":true,"href":"https:\/\/marinaguia.com\/index.php\/wp-json\/wp\/v2\/media\/366"}],"wp:attachment":[{"href":"https:\/\/marinaguia.com\/index.php\/wp-json\/wp\/v2\/media?parent=365"}],"wp:term":[{"taxonomy":"category","embeddable":true,"href":"https:\/\/marinaguia.com\/index.php\/wp-json\/wp\/v2\/categories?post=365"},{"taxonomy":"post_tag","embeddable":true,"href":"https:\/\/marinaguia.com\/index.php\/wp-json\/wp\/v2\/tags?post=365"}],"curies":[{"name":"wp","href":"https:\/\/api.w.org\/{rel}","templated":true}]}}