{"id":507,"date":"2023-11-02T15:20:40","date_gmt":"2023-11-02T15:20:40","guid":{"rendered":"https:\/\/marinaguia.com\/?p=507"},"modified":"2023-11-02T15:20:40","modified_gmt":"2023-11-02T15:20:40","slug":"calp-acoge-este-mes-el-i-simposio-internacional-de-arquitectura-dentro-del-programa-del-ano-bofill","status":"publish","type":"post","link":"https:\/\/marinaguia.com\/index.php\/2023\/11\/02\/calp-acoge-este-mes-el-i-simposio-internacional-de-arquitectura-dentro-del-programa-del-ano-bofill\/","title":{"rendered":"Calp acoge este mes el I Simposio Internacional de Arquitectura dentro del programa del  A\u00f1o Bofill"},"content":{"rendered":"<p>Los pr\u00f3ximos 16 y 17 de noviembre Calp acoger\u00e1 el I Simposio Internacional de Arquitectura , un evento que organiza el Ayuntamiento de Calp con la colaboraci\u00f3n del Colegio de Arquitectura de Alicante dentro del programa de actividades del A\u00f1o Bofill para conmemorar los 50 a\u00f1os del emblem\u00e1tico edificio La Muralla Roja.<br \/>\nEl simposio contar\u00e1 con diversas ponencias cuyo punto de partida es la obra del arquitecto Ricardo Bofill pero que abarcan cuestiones m\u00e1s amplias de la arquitectura universal como la protecci\u00f3n del entorno, la est\u00e9tica en la arquitectura, el paisaje urbano, etc. El 16 de noviembre est\u00e1 prevista la conferencia \u00abInternacionalizaci\u00f3n de la Manzanera\u00bb por el doctor y profesor de Composici\u00f3n Arquitect\u00f3nica en la Universidad de Alicante (UA) Andr\u00e9s Mart\u00ednez Medina, continuar\u00e1 la charla \u00abVitrubio a Bofill. Un Paseo Hist\u00f3rico por la Belleza de la Arquitectura\u00bb a cargo del Arquitecto-Urbanista y T\u00e9cnico en Ordenaci\u00f3n del Territorio, Gerardo Roger.<br \/>\nEl arquitecto Alberto Mengual ofrecer\u00e1 la conferencia \u00abProtecci\u00f3n del entorno\u00bb a la que seguir\u00e1 la charla \u00abPaisajes urbanos residenciales modernos\u00bb por Javier Moncl\u00fas, Doctor Arquitecto y Catedr\u00e1tico de Urbanismo en la Escuela de Ingenier\u00eda y Arquitectura de la Universidad de Zaragoza, y Carmen Diez, catedr\u00e1tica de Composici\u00f3n Arquitect\u00f3nica en la Escuela de Ingenier\u00eda y Arquitectura (EINA) de la Universidad de Zaragoza. Al finalizar las ponencias est\u00e1 previsto celebrar una mesa redonda.<\/p>\n<p>El 17 de noviembre la jornada se iniciar\u00e1 con la charla \u00abArte visual PINKA -BOO\u00bb por Daniel Rueda y Anna Devis, dos imaginativos fot\u00f3grafos que se conocieron en la Universitat Polit\u00e8cnica de Val\u00e8ncia, donde ambos se graduaron en la Escuela T\u00e9cnica Superior de Arquitectura. A d\u00eda de hoy, este d\u00fao creativo utiliza su bagaje arquitect\u00f3nico para contar historias mediante im\u00e1genes divertidas y sorprendentes que distan mucho de la fotograf\u00eda de arquitectura convencional. Su particular estilo se caracteriza por el uso del humor, la creatividad, la precisi\u00f3n y una delicada est\u00e9tica inspirada en la ciudad, la geometr\u00eda y el minimalismo.<\/p>\n<p>En esta jornada est\u00e1 prevista la participaci\u00f3n de representantes del RBTA, Ricardo Bofill Taller de Arquitectura, para conocer la obra de Ricardo Bofill desde la perspectiva de los profesionales que trabajaron directamente con el genial arquitecto.<\/p>\n<p>Seguidamente la Arquitecta, doctora y profesora del Departamento de Expresi\u00f3n Gr\u00e1fica, Composici\u00f3n y Proyectos de la Universidad de Alicante, ofrecer\u00e1 la conferencia \u201cAnna, el contrapunto Bofill\u201d que se centrar\u00e1 en la figura de Anna Bofill, hermana de Ricardo. Anna Bofill fue pionera al ser una de las primeras mujeres en graduarse en arquitectura por la Escuela T\u00e9cnica Superior de Barcelona en 1973. Entre sus obras arquitect\u00f3nicas destacan Walden 7 cuando formaba parte del Taller de Arquitectura e individualmente la estaci\u00f3n de trenes de Plaza Catalu\u00f1a en Barcelona. Es un referente del feminismo en arquitectura y ha trabajado para incorporar la perspectiva de g\u00e9nero en el urbanismo, adem\u00e1s de reivindicar a lo largo de su trayectoria el papel de la mujer en la m\u00fasica y la arquitectura.<\/p>\n<p>La siguiente conferencia ser\u00e1 \u201cInfluencias de la Muralla Roja de Bofill, en el arte videol\u00fadico de Monument Valley 2\u201d por Diana M\u00aa Espada Torres y Adri\u00e1n S\u00e1nchez del Departamento de Historia del Arte de la universidad de Zaragoza<\/p>\n<p>Tambi\u00e9n est\u00e1 prevista la participaci\u00f3n del arquitecto Jo\u00e3o Albuquerque partner del estudio BIG fundado en 2006. Este arquitecto portugu\u00e9s se caracteriza por la investigaci\u00f3n y las posibilidades de la computaci\u00f3n, la rob\u00f3tica y la electr\u00f3nica en la arquitectura y el dise\u00f1o. La jornada finalizar\u00e1 con una mesa redonda.<\/p>\n<p>La entrada al simposio, que se celebrar\u00e1 en el Diamante Beach, ser\u00e1 gratuita, se puede reservar la asistencia a trav\u00e9s del correo simposium@ajcalp.es bien para uno de los d\u00edas o para ambos.<\/p>\n","protected":false},"excerpt":{"rendered":"<p>Los pr\u00f3ximos 16 y 17 de noviembre Calp acoger\u00e1 el I Simposio Internacional de Arquitectura , un evento que organiza el Ayuntamiento de Calp con la colaboraci\u00f3n del Colegio de Arquitectura de Alicante dentro del programa de actividades del A\u00f1o Bofill para conmemorar los 50 a\u00f1os del emblem\u00e1tico edificio La<\/p>\n","protected":false},"author":2,"featured_media":509,"comment_status":"open","ping_status":"closed","sticky":false,"template":"","format":"standard","meta":{"_jetpack_memberships_contains_paid_content":false,"footnotes":""},"categories":[6,1,3],"tags":[],"class_list":["post-507","post","type-post","status-publish","format-standard","has-post-thumbnail","hentry","category-architecture","category-calp","category-marina-alta"],"jetpack_featured_media_url":"https:\/\/marinaguia.com\/wp-content\/uploads\/2023\/11\/Simposio-V1.png","jetpack_sharing_enabled":true,"_links":{"self":[{"href":"https:\/\/marinaguia.com\/index.php\/wp-json\/wp\/v2\/posts\/507","targetHints":{"allow":["GET"]}}],"collection":[{"href":"https:\/\/marinaguia.com\/index.php\/wp-json\/wp\/v2\/posts"}],"about":[{"href":"https:\/\/marinaguia.com\/index.php\/wp-json\/wp\/v2\/types\/post"}],"author":[{"embeddable":true,"href":"https:\/\/marinaguia.com\/index.php\/wp-json\/wp\/v2\/users\/2"}],"replies":[{"embeddable":true,"href":"https:\/\/marinaguia.com\/index.php\/wp-json\/wp\/v2\/comments?post=507"}],"version-history":[{"count":1,"href":"https:\/\/marinaguia.com\/index.php\/wp-json\/wp\/v2\/posts\/507\/revisions"}],"predecessor-version":[{"id":510,"href":"https:\/\/marinaguia.com\/index.php\/wp-json\/wp\/v2\/posts\/507\/revisions\/510"}],"wp:featuredmedia":[{"embeddable":true,"href":"https:\/\/marinaguia.com\/index.php\/wp-json\/wp\/v2\/media\/509"}],"wp:attachment":[{"href":"https:\/\/marinaguia.com\/index.php\/wp-json\/wp\/v2\/media?parent=507"}],"wp:term":[{"taxonomy":"category","embeddable":true,"href":"https:\/\/marinaguia.com\/index.php\/wp-json\/wp\/v2\/categories?post=507"},{"taxonomy":"post_tag","embeddable":true,"href":"https:\/\/marinaguia.com\/index.php\/wp-json\/wp\/v2\/tags?post=507"}],"curies":[{"name":"wp","href":"https:\/\/api.w.org\/{rel}","templated":true}]}}