{"id":529,"date":"2023-12-19T19:31:58","date_gmt":"2023-12-19T19:31:58","guid":{"rendered":"https:\/\/marinaguia.com\/?p=529"},"modified":"2023-12-19T19:31:58","modified_gmt":"2023-12-19T19:31:58","slug":"ayuntamiento-y-unio-musical-de-calp-firman-un-convenio-para-permutar-metros-en-la-casa-de-la-musica","status":"publish","type":"post","link":"https:\/\/marinaguia.com\/index.php\/2023\/12\/19\/ayuntamiento-y-unio-musical-de-calp-firman-un-convenio-para-permutar-metros-en-la-casa-de-la-musica\/","title":{"rendered":"Ayuntamiento  y Uni\u00f3 Musical de Calp firman un convenio para permutar metros en la Casa de la M\u00fasica"},"content":{"rendered":"<p><u>La banda de m\u00fasica y el Ayuntamiento acordaron en 2007 un protocolo por el que el Consistorio se compromet\u00eda a construir el edificio en el solar de la banda y a cambio esta ced\u00eda parte del inmueble para uso municipal<\/u><\/p>\n<p>Se ha firmado\u00a0 el convenio entre el Ayuntamiento de Calp y la Uni\u00f3 Musica Calp-Ifach\u00a0 para permutar\u00a0 50,02m2 en la planta baja\u00a0 del edificio denominado Casa de la M\u00fasica propiedad de la Uni\u00f3n Musical\u00a0 por 70,03 m\u00b2 en la planta\u00a0\u00a0 primera propiedad del Ayuntamiento. Con este convenio se liquida\u00a0 definitivamente el contrato inicial que se remonta\u00a0 a 2007. Tanto la alcaldesa como los concejales y representantes de la Uni\u00f3 Musical han calificado la firma como hist\u00f3rica ya que se\u00a0 con ella\u00a0 concluye un largo proceso.Esta permuta corresponde\u00a0 a la necesidad de ajustar el acceso del edificio\u00a0 en el que se ubican\u00a0 las dependencias de la Concejal\u00eda de Bienestar Social a las exigencias\u00a0 que la normativa establece para edificios p\u00fablicos.En 2007 el Ayuntamiento y la Uni\u00f3 Musical\u00a0 firmaron el protocolo de intenciones por el que\u00a0 la banda de Calp ced\u00eda al Ayuntamiento el solar de su propiedad en la avenida del Puerto de Santa Mar\u00eda. Dicho protocolo compromet\u00eda al Ayuntamiento a la construcci\u00f3n de un edificio transmitiendo a la Uni\u00f3n Musical la propiedad del local planta baja, de aproximadamente 515 m\u00b2, en la que se situar\u00eda la sala de ensayo, con acceso directo desde la calle, almac\u00e9n de instrumentos, aseos y otras dependencias anexas a la banda, y una zona en la planta primera destinada a aulas y zona administrativa. El resto del edificio\u00a0 de cuatro plantas pasaba a ser de titularidad municipal.Aunque estaba previsto en un principio destinar estas instalaciones municipales\u00a0 a VPO finalmente se acord\u00f3\u00a0 ubicar en ellas\u00a0 las dependencias de la Concejal\u00eda de Bienestar Social. De ah\u00ed la necesidad actual de adecuar el acceso a las exigencias\u00a0 de un edificio de uso p\u00fablico.En el acuerdo entre Ayuntamiento y Uni\u00f3n Musical de 2007 se establec\u00edan una serie de\u00a0 obligaciones por parte del Ayuntamiento en caso de demora en la obligaci\u00f3n de entrega\u00a0 del edificio en las condiciones pactadas. En 2019\u00a0 el Ayuntamiento entregaba a la Uni\u00f3 Musical Calp-Ifach\u00a0 las llaves del centro cultural de la banda de Calp que pasaba a denominarse Casa de la M\u00fasica. Sin embargo no\u00a0 entregaba\u00a0 la construcci\u00f3n\u00a0 en su totalidad al no haber finalizado las obras por lo que a\u00fan no se pod\u00eda entender cumplido completamente\u00a0 el contrato y se\u00a0 segu\u00edan\u00a0 generando, hasta ahora, una serie de perjuicios a\u00a0 la entidad cultural debido a la demora\u00a0 en la entrega de las obras.Como la demora de la entrega de obra se ha\u00a0 dilatado\u00a0 en el tiempo\u00a0 hasta 16 a\u00f1os el montante que el Ayuntamiento debe abonar a\u00a0 la Uni\u00f3n Musical de Calp asciende a 202.529\u20ac.Durante este tiempo la Uni\u00f3n Musical ha utilizado las instalaciones de la Casa de Cultura para la prestaci\u00f3n de los servicios de su Escuela de M\u00fasica y los ensayos de la entidad gener\u00e1ndose a la vez una deuda\u00a0 de la Uni\u00f3n Musical hacia el Consistorio.\u00daltimamente la situaci\u00f3n ha llegado al extremo de que, a pesar de que el Consistorio deb\u00eda un importe superior a la Uni\u00f3n Musical que el montante que la banda deb\u00eda al consistorio, las facturas que el Ayuntamiento deb\u00eda abonar a la banda por sus actuaciones y servicios no se estaban pagando.Es decir,\u00a0 la Uni\u00f3n Musical ha estado a\u00f1os sin cobrar del Consistorio por sus actuaciones, sin recibir definitivamente la totalidad de las obras y sin cobrar la correspondiente indemnizaci\u00f3n por da\u00f1os y perjuicios que ahora se reconoce.Con la firma del convenio de permuta de metros y de pago de\u00a0 cantidades adeudadas por el Ayuntamiento\u00a0 ambas\u00a0 partes consideran cumplidas las condiciones\u00a0\u00a0 establecidas en la firma de 2007. Este convenio\u00a0 ser\u00e1 trasladado al pleno ordinario de enero para su aprobaci\u00f3n definitiva\u00a0 y posteriormente formalizado en escritura p\u00fablica.<\/p>\n","protected":false},"excerpt":{"rendered":"<p>La banda de m\u00fasica y el Ayuntamiento acordaron en 2007 un protocolo por el que el Consistorio se compromet\u00eda a construir el edificio en el solar de la banda y a cambio esta ced\u00eda parte del inmueble para uso municipal Se ha firmado\u00a0 el convenio entre el Ayuntamiento de Calp<\/p>\n","protected":false},"author":2,"featured_media":531,"comment_status":"open","ping_status":"closed","sticky":false,"template":"","format":"standard","meta":{"_jetpack_memberships_contains_paid_content":false,"footnotes":""},"categories":[1,3],"tags":[],"class_list":["post-529","post","type-post","status-publish","format-standard","has-post-thumbnail","hentry","category-calp","category-marina-alta"],"jetpack_featured_media_url":"https:\/\/marinaguia.com\/wp-content\/uploads\/2023\/12\/e1c38995-f8e3-4945-85c7-a17730e7e450.jpg","jetpack_sharing_enabled":true,"_links":{"self":[{"href":"https:\/\/marinaguia.com\/index.php\/wp-json\/wp\/v2\/posts\/529","targetHints":{"allow":["GET"]}}],"collection":[{"href":"https:\/\/marinaguia.com\/index.php\/wp-json\/wp\/v2\/posts"}],"about":[{"href":"https:\/\/marinaguia.com\/index.php\/wp-json\/wp\/v2\/types\/post"}],"author":[{"embeddable":true,"href":"https:\/\/marinaguia.com\/index.php\/wp-json\/wp\/v2\/users\/2"}],"replies":[{"embeddable":true,"href":"https:\/\/marinaguia.com\/index.php\/wp-json\/wp\/v2\/comments?post=529"}],"version-history":[{"count":1,"href":"https:\/\/marinaguia.com\/index.php\/wp-json\/wp\/v2\/posts\/529\/revisions"}],"predecessor-version":[{"id":532,"href":"https:\/\/marinaguia.com\/index.php\/wp-json\/wp\/v2\/posts\/529\/revisions\/532"}],"wp:featuredmedia":[{"embeddable":true,"href":"https:\/\/marinaguia.com\/index.php\/wp-json\/wp\/v2\/media\/531"}],"wp:attachment":[{"href":"https:\/\/marinaguia.com\/index.php\/wp-json\/wp\/v2\/media?parent=529"}],"wp:term":[{"taxonomy":"category","embeddable":true,"href":"https:\/\/marinaguia.com\/index.php\/wp-json\/wp\/v2\/categories?post=529"},{"taxonomy":"post_tag","embeddable":true,"href":"https:\/\/marinaguia.com\/index.php\/wp-json\/wp\/v2\/tags?post=529"}],"curies":[{"name":"wp","href":"https:\/\/api.w.org\/{rel}","templated":true}]}}