{"id":550,"date":"2024-01-03T17:34:23","date_gmt":"2024-01-03T17:34:23","guid":{"rendered":"https:\/\/marinaguia.com\/?p=550"},"modified":"2024-01-03T17:34:23","modified_gmt":"2024-01-03T17:34:23","slug":"los-reyes-magos-de-oriente-visitan-calp-en-una-cabalgata-llena-de-sorpresas","status":"publish","type":"post","link":"https:\/\/marinaguia.com\/index.php\/2024\/01\/03\/los-reyes-magos-de-oriente-visitan-calp-en-una-cabalgata-llena-de-sorpresas\/","title":{"rendered":"Los Reyes Magos de Oriente visitan Calp en una cabalgata llena de sorpresas"},"content":{"rendered":"<p>Majestades de Oriente Melchor, Gaspar y Baltasar visitar\u00e1n Calp este pr\u00f3ximo 5 de enero en una cabalgata cargada de sorpresas. As\u00ed lo ha se\u00f1alado la presidenta de la Comisi\u00f3n de Fiestas 2024, Saray Ortiz, comisi\u00f3n organizadora del evento, que ha desvelado que tendr\u00e1 un car\u00e1cter \u201cm\u00e1s antiguo y tradicional\u201d. \u201cEl objetivo es sorprender a los ni\u00f1os y ni\u00f1as calpinas y que vivan con la m\u00e1xima ilusi\u00f3n este desfile desde el principio al final\u201d, ha se\u00f1alado.<\/p>\n<p>La cabalgata contar\u00e1 con la participaci\u00f3n de los festeros de este a\u00f1o as\u00ed como de los prefesteros de 2024. La m\u00fasica correr\u00e1 a cargo de la Xaranga la Xarlot\u00e0, la Colla de Xirimiters El Carellot, la Uni\u00f3 Musical Calp Ifach, Clau de Fa y una banda de Petrer.<\/p>\n<p>El desfile partir\u00e1 a las 17 h desde la plaza Col\u00f3n y seguir\u00e1 por la avenida Gabriel Mir\u00f3, Plaza Constituci\u00f3n, Avenida Ifach, C\/ Justicia, Llibertat, de Fora, pla\u00e7a del Mosquit, Pur\u00edsima, Sant\u00edsimo Cristo hasta llegar a la Iglesia Virgen de las Nieves. All\u00ed adorar\u00e1n al Ni\u00f1o Jes\u00fas y repartir\u00e1n los regalos a los ni\u00f1os y ni\u00f1as calpinas.<\/p>\n","protected":false},"excerpt":{"rendered":"<p>Majestades de Oriente Melchor, Gaspar y Baltasar visitar\u00e1n Calp este pr\u00f3ximo 5 de enero en una cabalgata cargada de sorpresas. As\u00ed lo ha se\u00f1alado la presidenta de la Comisi\u00f3n de Fiestas 2024, Saray Ortiz, comisi\u00f3n organizadora del evento, que ha desvelado que tendr\u00e1 un car\u00e1cter \u201cm\u00e1s antiguo y tradicional\u201d. \u201cEl<\/p>\n","protected":false},"author":2,"featured_media":551,"comment_status":"open","ping_status":"closed","sticky":false,"template":"","format":"standard","meta":{"_jetpack_memberships_contains_paid_content":false,"footnotes":""},"categories":[1,3],"tags":[],"class_list":["post-550","post","type-post","status-publish","format-standard","has-post-thumbnail","hentry","category-calp","category-marina-alta"],"jetpack_featured_media_url":"https:\/\/marinaguia.com\/wp-content\/uploads\/2024\/01\/Reis-Mags-Calp.jpg","jetpack_sharing_enabled":true,"_links":{"self":[{"href":"https:\/\/marinaguia.com\/index.php\/wp-json\/wp\/v2\/posts\/550","targetHints":{"allow":["GET"]}}],"collection":[{"href":"https:\/\/marinaguia.com\/index.php\/wp-json\/wp\/v2\/posts"}],"about":[{"href":"https:\/\/marinaguia.com\/index.php\/wp-json\/wp\/v2\/types\/post"}],"author":[{"embeddable":true,"href":"https:\/\/marinaguia.com\/index.php\/wp-json\/wp\/v2\/users\/2"}],"replies":[{"embeddable":true,"href":"https:\/\/marinaguia.com\/index.php\/wp-json\/wp\/v2\/comments?post=550"}],"version-history":[{"count":1,"href":"https:\/\/marinaguia.com\/index.php\/wp-json\/wp\/v2\/posts\/550\/revisions"}],"predecessor-version":[{"id":553,"href":"https:\/\/marinaguia.com\/index.php\/wp-json\/wp\/v2\/posts\/550\/revisions\/553"}],"wp:featuredmedia":[{"embeddable":true,"href":"https:\/\/marinaguia.com\/index.php\/wp-json\/wp\/v2\/media\/551"}],"wp:attachment":[{"href":"https:\/\/marinaguia.com\/index.php\/wp-json\/wp\/v2\/media?parent=550"}],"wp:term":[{"taxonomy":"category","embeddable":true,"href":"https:\/\/marinaguia.com\/index.php\/wp-json\/wp\/v2\/categories?post=550"},{"taxonomy":"post_tag","embeddable":true,"href":"https:\/\/marinaguia.com\/index.php\/wp-json\/wp\/v2\/tags?post=550"}],"curies":[{"name":"wp","href":"https:\/\/api.w.org\/{rel}","templated":true}]}}