{"id":572,"date":"2024-01-31T10:40:51","date_gmt":"2024-01-31T10:40:51","guid":{"rendered":"https:\/\/marinaguia.com\/?p=572"},"modified":"2024-01-31T10:40:51","modified_gmt":"2024-01-31T10:40:51","slug":"calp-pide-cita-en-ministerio-de-transportes-y-movilidad","status":"publish","type":"post","link":"https:\/\/marinaguia.com\/index.php\/2024\/01\/31\/calp-pide-cita-en-ministerio-de-transportes-y-movilidad\/","title":{"rendered":"Calp pide cita en Ministerio de Transportes y Movilidad"},"content":{"rendered":"<p>El Ayuntamiento de Calp ha solicitado una reuni\u00f3n con representantes del Ministerio de Transportes y Movilidad con el fin de demandar la construcci\u00f3n de un acceso legal a Maryvilla. En la actualidad no es posible entrar desde la N-332 a esta urbanizaci\u00f3n por existir una l\u00ednea continua lo que obliga a los conductores a recorrer varios kil\u00f3metros para realizar un cambio de sentido no exento de peligrosidad. Y del mismo modo, los residentes de Maryvilla no tienen permitido acceder a la Nacional en sentido a Altea para lo cual han de dirigirse hasta la rotonda norte de Calp para poder llegar a su destino. A ello se suman las infracciones que en ocasiones se producen con el riesgo que conllevan para la seguridad vial.<\/p>\n<p>En la reuni\u00f3n el consistorio calpino propondr\u00e1 al Ministerio como posible soluci\u00f3n la construcci\u00f3n de carriles centrales en el PK 165+800 de la N-332 en el t\u00e9rmino municipal de Calp que permitir\u00e1n dichos accesos, para lo cual la carretera tendr\u00e1 que ser ampliada en dicho tramo.<\/p>\n<p>La mejora de los accesos es una reivindicaci\u00f3n de los vecinos de esta urbanizaci\u00f3n, la m\u00e1s grande del t\u00e9rmino municipal de Calp y una de las m\u00e1s pobladas.\u201cEs un aut\u00e9ntico incordio para la ciudadan\u00eda que vive en esta zona residencial que tenga que hacer un rodeo de varios kil\u00f3metros ya sea para poder entrar en la urbanizaci\u00f3n desde la carretera o dirigirse a Altea desde Maryvilla, adem\u00e1s de la peligrosidad que conlleva\u201d, ha se\u00f1alado el concejal de Seguridad Ciudadana, Guillermo Sendra que est\u00e1 previsto que asista a la reuni\u00f3n junto con la alcaldesa de Calp, Ana Sala.<\/p>\n<p>En la reuni\u00f3n se pretende abordar tambi\u00e9n la situaci\u00f3n en la que se encuentra el proyecto de la pasarela sobre la N-332, ante la falta de noticias que tiene el Ayuntamiento al respecto. El pleno del Ayuntamiento de Calp acord\u00f3 en septiembre de 2022 solicitar al<br \/>\nMinisterio de Transportes, las competencias y la financiaci\u00f3n para la ejecuci\u00f3n de este proyecto, unas obras consideradas urgentes y muy reivindicadas en el municipio.<\/p>\n<p>La construcci\u00f3n de de la pasarela lleg\u00f3 a ser adjudicada en 2020 con un presupuesto de 1.073.537,68 euros pero no lleg\u00f3 a ser ejecutada por la renuncia de la empresa adjudicataria.<\/p>\n","protected":false},"excerpt":{"rendered":"<p>El Ayuntamiento de Calp ha solicitado una reuni\u00f3n con representantes del Ministerio de Transportes y Movilidad con el fin de demandar la construcci\u00f3n de un acceso legal a Maryvilla. En la actualidad no es posible entrar desde la N-332 a esta urbanizaci\u00f3n por existir una l\u00ednea continua lo que obliga<\/p>\n","protected":false},"author":2,"featured_media":573,"comment_status":"open","ping_status":"closed","sticky":false,"template":"","format":"standard","meta":{"_jetpack_memberships_contains_paid_content":false,"footnotes":""},"categories":[1,3],"tags":[],"class_list":["post-572","post","type-post","status-publish","format-standard","has-post-thumbnail","hentry","category-calp","category-marina-alta"],"jetpack_featured_media_url":"https:\/\/marinaguia.com\/wp-content\/uploads\/2024\/01\/marivilla.jpeg","jetpack_sharing_enabled":true,"_links":{"self":[{"href":"https:\/\/marinaguia.com\/index.php\/wp-json\/wp\/v2\/posts\/572","targetHints":{"allow":["GET"]}}],"collection":[{"href":"https:\/\/marinaguia.com\/index.php\/wp-json\/wp\/v2\/posts"}],"about":[{"href":"https:\/\/marinaguia.com\/index.php\/wp-json\/wp\/v2\/types\/post"}],"author":[{"embeddable":true,"href":"https:\/\/marinaguia.com\/index.php\/wp-json\/wp\/v2\/users\/2"}],"replies":[{"embeddable":true,"href":"https:\/\/marinaguia.com\/index.php\/wp-json\/wp\/v2\/comments?post=572"}],"version-history":[{"count":1,"href":"https:\/\/marinaguia.com\/index.php\/wp-json\/wp\/v2\/posts\/572\/revisions"}],"predecessor-version":[{"id":574,"href":"https:\/\/marinaguia.com\/index.php\/wp-json\/wp\/v2\/posts\/572\/revisions\/574"}],"wp:featuredmedia":[{"embeddable":true,"href":"https:\/\/marinaguia.com\/index.php\/wp-json\/wp\/v2\/media\/573"}],"wp:attachment":[{"href":"https:\/\/marinaguia.com\/index.php\/wp-json\/wp\/v2\/media?parent=572"}],"wp:term":[{"taxonomy":"category","embeddable":true,"href":"https:\/\/marinaguia.com\/index.php\/wp-json\/wp\/v2\/categories?post=572"},{"taxonomy":"post_tag","embeddable":true,"href":"https:\/\/marinaguia.com\/index.php\/wp-json\/wp\/v2\/tags?post=572"}],"curies":[{"name":"wp","href":"https:\/\/api.w.org\/{rel}","templated":true}]}}