{"id":576,"date":"2024-02-14T10:44:32","date_gmt":"2024-02-14T10:44:32","guid":{"rendered":"https:\/\/marinaguia.com\/?p=576"},"modified":"2024-02-14T10:44:32","modified_gmt":"2024-02-14T10:44:32","slug":"pleno-ordinario-calpe-12-de-febrero-2024","status":"publish","type":"post","link":"https:\/\/marinaguia.com\/index.php\/2024\/02\/14\/pleno-ordinario-calpe-12-de-febrero-2024\/","title":{"rendered":"PLENO ORDINARIO CALPE 12 DE FEBRERO 2024"},"content":{"rendered":"<p>Someter al Ayuntamiento Pleno la firma del acuerdo de terminaci\u00f3n convencional de las contraprestaciones producidas por el otorgamiento de la permuta formalizada en escritura p\u00fablica de 24 de mayo de 2007, entre la Uni\u00f3 Musical Calp-Ifach y el Ayuntamiento de Calp.<\/p>\n<p>Los portavoces de los grupos que forman el Equipo de Gobierno han mostrado su satisfacci\u00f3n por la resoluci\u00f3n de un problema que se arrastra mas de 15 a\u00f1os, cual es el cr\u00e9dito que la banda de m\u00fasica ostentaba frente al ayuntamiento de Calpe por la demora de este \u00faltimo en la construcci\u00f3n del edificio construido sobre la parcela propiedad de la banda de m\u00fasica.<\/p>\n<p>Los dos partidos de la oposici\u00f3n, Defendamos Calpe y PP se han abstenido en la votaci\u00f3n. Defendamos Calpe, en su l\u00ednea sistem\u00e1tica de recriminaci\u00f3n al equipo de gobierno, ha cuestionado el acuerdo alcanzado.<\/p>\n<p>El portavoz del Grupo Municipal Socialista, Guillermo Sendra, ha afeado duramente al PP y a Defendamos Calpe que no hayan apoyado ni votado a favor de un acuerdo que acaba definitivamente con una afrenta hist\u00f3rica sufrida por la banda de m\u00fasica, y agradeci\u00f3 a la Junta Directiva y miembros de la Uni\u00f3n Musical por su talante, paciencia, predisposici\u00f3n y generosidad por haber alcanzado este acuerdo que pone fin a un problema hist\u00f3rico.<\/p>\n<p>La alcaldesa Ana Sala tambien ha mostrado su perplejidad por la abstenci\u00f3n de toda la oposici\u00f3n dirigida por los portavoces del PP y Defendamos Calpe.<\/p>\n<p>El portavoz de Compromis, Ximo Perles, se ha ausentado durante la votaci\u00f3n de este punto por su papel de negociador entre ambas partes.<\/p>\n<p>El punto se ha aprobado con los votos favorables del Equipo de Gobierno.<\/p>\n","protected":false},"excerpt":{"rendered":"<p>Someter al Ayuntamiento Pleno la firma del acuerdo de terminaci\u00f3n convencional de las contraprestaciones producidas por el otorgamiento de la permuta formalizada en escritura p\u00fablica de 24 de mayo de 2007, entre la Uni\u00f3 Musical Calp-Ifach y el Ayuntamiento de Calp. Los portavoces de los grupos que forman el Equipo<\/p>\n","protected":false},"author":2,"featured_media":577,"comment_status":"open","ping_status":"closed","sticky":false,"template":"","format":"standard","meta":{"_jetpack_memberships_contains_paid_content":false,"footnotes":""},"categories":[1,3],"tags":[],"class_list":["post-576","post","type-post","status-publish","format-standard","has-post-thumbnail","hentry","category-calp","category-marina-alta"],"jetpack_featured_media_url":"https:\/\/marinaguia.com\/wp-content\/uploads\/2024\/02\/pleno.jpeg","jetpack_sharing_enabled":true,"_links":{"self":[{"href":"https:\/\/marinaguia.com\/index.php\/wp-json\/wp\/v2\/posts\/576","targetHints":{"allow":["GET"]}}],"collection":[{"href":"https:\/\/marinaguia.com\/index.php\/wp-json\/wp\/v2\/posts"}],"about":[{"href":"https:\/\/marinaguia.com\/index.php\/wp-json\/wp\/v2\/types\/post"}],"author":[{"embeddable":true,"href":"https:\/\/marinaguia.com\/index.php\/wp-json\/wp\/v2\/users\/2"}],"replies":[{"embeddable":true,"href":"https:\/\/marinaguia.com\/index.php\/wp-json\/wp\/v2\/comments?post=576"}],"version-history":[{"count":1,"href":"https:\/\/marinaguia.com\/index.php\/wp-json\/wp\/v2\/posts\/576\/revisions"}],"predecessor-version":[{"id":578,"href":"https:\/\/marinaguia.com\/index.php\/wp-json\/wp\/v2\/posts\/576\/revisions\/578"}],"wp:featuredmedia":[{"embeddable":true,"href":"https:\/\/marinaguia.com\/index.php\/wp-json\/wp\/v2\/media\/577"}],"wp:attachment":[{"href":"https:\/\/marinaguia.com\/index.php\/wp-json\/wp\/v2\/media?parent=576"}],"wp:term":[{"taxonomy":"category","embeddable":true,"href":"https:\/\/marinaguia.com\/index.php\/wp-json\/wp\/v2\/categories?post=576"},{"taxonomy":"post_tag","embeddable":true,"href":"https:\/\/marinaguia.com\/index.php\/wp-json\/wp\/v2\/tags?post=576"}],"curies":[{"name":"wp","href":"https:\/\/api.w.org\/{rel}","templated":true}]}}