{"id":626,"date":"2024-03-27T09:08:20","date_gmt":"2024-03-27T09:08:20","guid":{"rendered":"https:\/\/marinaguia.com\/?p=626"},"modified":"2024-03-27T09:08:20","modified_gmt":"2024-03-27T09:08:20","slug":"el-grupo-municipal-socialista-de-calp-se-une-a-la-manifestacion-en-valencia-para-exigir-el-pla-edificant-a-la-generalitat-valenciana","status":"publish","type":"post","link":"https:\/\/marinaguia.com\/index.php\/2024\/03\/27\/el-grupo-municipal-socialista-de-calp-se-une-a-la-manifestacion-en-valencia-para-exigir-el-pla-edificant-a-la-generalitat-valenciana\/","title":{"rendered":"El grupo municipal Socialista de Calp se une a la manifestaci\u00f3n en Valencia para exigir el Pl\u00e1 Edificant a la Generalitat Valenciana"},"content":{"rendered":"<h1>Ayer por la tarde, el Concejal Socialista Guillermo Sendra y la Concejala Itziar Doval, acompa\u00f1ados por el compa\u00f1ero de partido Crist\u00f3bal Col\u00f3n y la asesora de gobierno local Cristina Mart\u00ednez, se han reunido con el diputado auton\u00f3mico del PSOE Jos\u00e9 Luis Lorenz Andr\u00e9s, que ha tenido la deferencia de recibirnos en Les Corts Valencianes.<br \/>\nLe han hablado de las necesidades, en cuanto a infraestructuras educativas, que el gobierno del partido Popular de la Generalitat Valenciana ha paralizado al congelar el Plan Edificant.<br \/>\nNuestras necesidades son de urgencia y la demanda del 2\u00ba instituto en Calp es ya hist\u00f3rica, as\u00ed como la construcci\u00f3n de CEEP Gargasindi, que permita la vuelta a Calp de los usuarios que actualmente se desplazan a Benissa.<br \/>\nGuillermo Sendra ha apuntado que ya hay barracones y la previsi\u00f3n para afrontar un nuevo curso es m\u00e1s de lo mismo, adem\u00e1s de obligar al Ayuntamiento de Calp ha asumir la cesi\u00f3n de terrenos y la inversi\u00f3n de m\u00e1s de 3 millones de euros en acondicionar el lugar que albergar\u00e1 m\u00e1s barracones.<br \/>\nLa situaci\u00f3n es insostenible y tenemos el compromiso del diputado socialista Jos\u00e9 Luis Lorenz, de poner voz a nuestro problema en las Cortes Valencianas.<br \/>\nSe han manifestado junto a centenares de personas de diferentes municipios de la Comunidad Valenciana.<br \/>\nQueremos que se nos escuche y hemos estado al pie del ca\u00f1\u00f3n.<br \/>\nPOR UNA EDUCACI\u00d3N DIGNA<\/h1>\n","protected":false},"excerpt":{"rendered":"<p>Ayer por la tarde, el Concejal Socialista Guillermo Sendra y la Concejala Itziar Doval, acompa\u00f1ados por el compa\u00f1ero de partido Crist\u00f3bal Col\u00f3n y la asesora de gobierno local Cristina Mart\u00ednez, se han reunido con el diputado auton\u00f3mico del PSOE Jos\u00e9 Luis Lorenz Andr\u00e9s, que ha tenido la deferencia de recibirnos<\/p>\n","protected":false},"author":2,"featured_media":627,"comment_status":"open","ping_status":"closed","sticky":false,"template":"","format":"gallery","meta":{"_jetpack_memberships_contains_paid_content":false,"footnotes":""},"categories":[1,3],"tags":[],"class_list":["post-626","post","type-post","status-publish","format-gallery","has-post-thumbnail","hentry","category-calp","category-marina-alta","post_format-post-format-gallery"],"jetpack_featured_media_url":"https:\/\/marinaguia.com\/wp-content\/uploads\/2024\/03\/instituto-calpe.jpeg","jetpack_sharing_enabled":true,"_links":{"self":[{"href":"https:\/\/marinaguia.com\/index.php\/wp-json\/wp\/v2\/posts\/626","targetHints":{"allow":["GET"]}}],"collection":[{"href":"https:\/\/marinaguia.com\/index.php\/wp-json\/wp\/v2\/posts"}],"about":[{"href":"https:\/\/marinaguia.com\/index.php\/wp-json\/wp\/v2\/types\/post"}],"author":[{"embeddable":true,"href":"https:\/\/marinaguia.com\/index.php\/wp-json\/wp\/v2\/users\/2"}],"replies":[{"embeddable":true,"href":"https:\/\/marinaguia.com\/index.php\/wp-json\/wp\/v2\/comments?post=626"}],"version-history":[{"count":3,"href":"https:\/\/marinaguia.com\/index.php\/wp-json\/wp\/v2\/posts\/626\/revisions"}],"predecessor-version":[{"id":630,"href":"https:\/\/marinaguia.com\/index.php\/wp-json\/wp\/v2\/posts\/626\/revisions\/630"}],"wp:featuredmedia":[{"embeddable":true,"href":"https:\/\/marinaguia.com\/index.php\/wp-json\/wp\/v2\/media\/627"}],"wp:attachment":[{"href":"https:\/\/marinaguia.com\/index.php\/wp-json\/wp\/v2\/media?parent=626"}],"wp:term":[{"taxonomy":"category","embeddable":true,"href":"https:\/\/marinaguia.com\/index.php\/wp-json\/wp\/v2\/categories?post=626"},{"taxonomy":"post_tag","embeddable":true,"href":"https:\/\/marinaguia.com\/index.php\/wp-json\/wp\/v2\/tags?post=626"}],"curies":[{"name":"wp","href":"https:\/\/api.w.org\/{rel}","templated":true}]}}