{"id":637,"date":"2024-03-27T17:25:35","date_gmt":"2024-03-27T17:25:35","guid":{"rendered":"https:\/\/marinaguia.com\/?p=637"},"modified":"2024-03-27T17:25:35","modified_gmt":"2024-03-27T17:25:35","slug":"calp-piano-festival","status":"publish","type":"post","link":"https:\/\/marinaguia.com\/index.php\/2024\/03\/27\/calp-piano-festival\/","title":{"rendered":"CALP PIANO FESTIVAL"},"content":{"rendered":"<h1>El Ayuntamiento de Calp, a trav\u00e9s de la Concejal\u00eda de Cultura, organiza por primera vez el Calp Piano Festival, un evento que contar\u00e1 con reputados pianistas del panorama internacional as\u00ed como con nuevas promesas del piano. De hecho, este festival tiene como objetivo por un lado, promover el talento de j\u00f3venes pianistas de Calp y por otro brindar a la ciudadan\u00eda calpina la oportunidad de disfrutar de grandes artistas del mundo del piano.<br \/>\nLa actuaci\u00f3n de la armenia Sofya Melikyan cerrar\u00e1 el Calp Piano Festival el 30 de mayo. Esta pianista que recibi\u00f3 el Premio Extraordinario de Honor Fin de Carrera, realiz\u00f3 estudios de postgrado en la Manhattan School of Music de Nueva York y ha actuado en prestigiosas salas de Europa, Asia, Estados Unidos, Australia y Canad\u00e1.<br \/>\nLos conciertos, que son gratuitos, tendr\u00e1n lugar a las 20 horas en el Sal\u00f3 Blau.<br \/>\n\u201cDesde la Concejal\u00eda de Cultura hemos organizado un ambicioso festival con estilos y personalidades distintas pero con el com\u00fan denominador de la calidad y la excelencia. Con este Festival de Piano situamos a nuestra ciudad en la \u00e9lite de la difusi\u00f3n y visibilidad de este bello instrumento\u201d, ha se\u00f1alado el concejal de Cultura, Guillermo Sendra.<\/h1>\n","protected":false},"excerpt":{"rendered":"<p>El Ayuntamiento de Calp, a trav\u00e9s de la Concejal\u00eda de Cultura, organiza por primera vez el Calp Piano Festival, un evento que contar\u00e1 con reputados pianistas del panorama internacional as\u00ed como con nuevas promesas del piano. De hecho, este festival tiene como objetivo por un lado, promover el talento de<\/p>\n","protected":false},"author":2,"featured_media":633,"comment_status":"open","ping_status":"closed","sticky":false,"template":"","format":"standard","meta":{"_jetpack_memberships_contains_paid_content":false,"footnotes":""},"categories":[1,3],"tags":[],"class_list":["post-637","post","type-post","status-publish","format-standard","has-post-thumbnail","hentry","category-calp","category-marina-alta"],"jetpack_featured_media_url":"https:\/\/marinaguia.com\/wp-content\/uploads\/2024\/03\/PIANO.jpeg","jetpack_sharing_enabled":true,"_links":{"self":[{"href":"https:\/\/marinaguia.com\/index.php\/wp-json\/wp\/v2\/posts\/637","targetHints":{"allow":["GET"]}}],"collection":[{"href":"https:\/\/marinaguia.com\/index.php\/wp-json\/wp\/v2\/posts"}],"about":[{"href":"https:\/\/marinaguia.com\/index.php\/wp-json\/wp\/v2\/types\/post"}],"author":[{"embeddable":true,"href":"https:\/\/marinaguia.com\/index.php\/wp-json\/wp\/v2\/users\/2"}],"replies":[{"embeddable":true,"href":"https:\/\/marinaguia.com\/index.php\/wp-json\/wp\/v2\/comments?post=637"}],"version-history":[{"count":1,"href":"https:\/\/marinaguia.com\/index.php\/wp-json\/wp\/v2\/posts\/637\/revisions"}],"predecessor-version":[{"id":638,"href":"https:\/\/marinaguia.com\/index.php\/wp-json\/wp\/v2\/posts\/637\/revisions\/638"}],"wp:featuredmedia":[{"embeddable":true,"href":"https:\/\/marinaguia.com\/index.php\/wp-json\/wp\/v2\/media\/633"}],"wp:attachment":[{"href":"https:\/\/marinaguia.com\/index.php\/wp-json\/wp\/v2\/media?parent=637"}],"wp:term":[{"taxonomy":"category","embeddable":true,"href":"https:\/\/marinaguia.com\/index.php\/wp-json\/wp\/v2\/categories?post=637"},{"taxonomy":"post_tag","embeddable":true,"href":"https:\/\/marinaguia.com\/index.php\/wp-json\/wp\/v2\/tags?post=637"}],"curies":[{"name":"wp","href":"https:\/\/api.w.org\/{rel}","templated":true}]}}