{"id":678,"date":"2024-07-29T13:47:57","date_gmt":"2024-07-29T13:47:57","guid":{"rendered":"https:\/\/marinaguia.com\/?p=678"},"modified":"2024-07-29T13:47:57","modified_gmt":"2024-07-29T13:47:57","slug":"calp-otorgara-el-premi-jaume-pastor-i-fluixa-al-marq-por-su-contribucion-en-la-recuperacion-de-los-yacimientos-arqueologicos","status":"publish","type":"post","link":"https:\/\/marinaguia.com\/index.php\/2024\/07\/29\/calp-otorgara-el-premi-jaume-pastor-i-fluixa-al-marq-por-su-contribucion-en-la-recuperacion-de-los-yacimientos-arqueologicos\/","title":{"rendered":"Calp otorgar\u00e1 el Premi Jaume Pastor i Fluix\u00e0 al Marq por su contribuci\u00f3n en la recuperaci\u00f3n de los yacimientos arqueol\u00f3gicos"},"content":{"rendered":"<p>El pleno del Ayuntamiento de Calp aprobar\u00e1 ma\u00f1ana conceder el Premi Jaume Pastor i Fluix\u00e0 \u2013 9 d\u2019Octubre a la Fundaci\u00f3 Comunitat Valenciana MARQ y Marq Museo Arqueol\u00f3gico Alicante por su contribuci\u00f3n en la recuperaci\u00f3n y conservaci\u00f3n de los yacimientos arqueol\u00f3gicos de Banys de la Reina y de la Pobla medieval d\u2019Ifac.<\/p>\n<p>El Marq ha colaborado con el \u00c1rea de Arquitectura de la Diputaci\u00f3n de Alicante en la elaboraci\u00f3n y financiaci\u00f3n del Plan Director de Banys de la Reina, la hoja de ruta que permitir\u00e1 poner en valor, uno de los conjuntos arqueol\u00f3gicos en su categor\u00eda m\u00e1s relevantes de la Hispania Romana. Este plan estrat\u00e9gico propone en varias fases la ejecuci\u00f3n de diferentes actuaciones con el fin de convertir el enclave en un parque arqueol\u00f3gico visitable.<\/p>\n<p>Por otro lado, el Marq lleva realizando cada verano desde 2005 campa\u00f1as de excavaciones de la Pobla medieval d\u2019Ifac, el antiguo poblado cristiano asentado en la ladera del Pe\u00f1\u00f3n de Ifach, anterior al actual Calp, que fue fundado en 1297 por el almirante Roger de Ll\u00faria. Gracias a la labor del Marq en estas campa\u00f1as se ha descubierto valiosa informaci\u00f3n sobre el pasado y los antepasados de los calpinos.<\/p>\n<p><strong>Por otra parte, el pleno municipal tambi\u00e9n reconocer\u00e1 a varias entidades y personalidades del municipio en sus diferentes modalidades:<\/strong><\/p>\n<p>&#8211; M\u00e9rito Ciudadano: Juan Santos que ha sido Juez de Paz hasta el pasado mes de mayo tras una trayectoria de m\u00e1s de 25 a\u00f1os en el Juzgado de Paz, primero como juez sustituto y desde 2011 como juez titular.<\/p>\n<p>&#8211; M\u00e9rito tur\u00edstico: Jaume Mas\u00f3: Lleva m\u00e1s de 50 a\u00f1os dedicados al sector del turismo, m\u00e1s de 20 como director comercial del grupo Unitursa, puesto desde el que ha contribuido a la apertura de nuevos mercados tur\u00edsticos para Calp y en consecuencia al crecimiento tur\u00edstico de la localidad. Es todo un referente en la promoci\u00f3n tur\u00edstica calpina y destaca por su vocaci\u00f3n comercial y compromiso con sus clientes. Gran embajador de Calp ya que ha llevado la marca de la localidad alrededor del mundo.<\/p>\n<p>&#8211; M\u00e9rito deportivo: Jozef Metelka. Ciclista eslovaco que entrena y reside en Calp durante largos per\u00edodos al a\u00f1o, ganador de tres medallas en los Juegos Paral\u00edmpicos de R\u00edo y otras tres en los de Tokio. Es adem\u00e1s 15 veces campe\u00f3n del mundo.<\/p>\n<p>&#8211; M\u00e9rito empresarial: Pepa P\u00e9rez. Es todo un referente en el mundo de la est\u00e9tica y la belleza en Calp. Abri\u00f3 el primer sal\u00f3n de belleza de Calp en 1968 y a\u00f1os despu\u00e9s abri\u00f3 Pepa P\u00e9rez Esth\u00e9tic Center en su actual ubicaci\u00f3n en la plaza Constituci\u00f3n desde donde ha ofrecido los tratamientos, aparatolog\u00eda y productos de belleza m\u00e1s innovadores del mercado. Novias, festeras, damas, cargos de moros y cristianos&#8230; por su sal\u00f3n han pasado generaciones de calpinas y tambi\u00e9n calpinos. Su profesionalidad, su \u00e9tica del trabajo y su b\u00fasqueda de la excelencia le hacen merecedora de este reconocimiento.<\/p>\n<p>&#8211; M\u00e9rito cultural: Marga L\u00f3pez. Profesora natural de Novelda lleg\u00f3 a Calp como docente del Colegio Azor\u00edn en 1983. Tras unos a\u00f1os impartiendo clase en la etapa de infantil pas\u00f3 a ser docente de la segunda etapa, siendo la profesora de valenciano de todos los alumnos de esta etapa ya que era la \u00fanica profesora con la titulaci\u00f3n de valenciano. Fue fundadora de la asociaci\u00f3n Natura Serpis a principios de los 80. Se jubil\u00f3 en 2011 tras ser profesora de generaciones de calpinos.<\/p>\n<p>&#8211; Premi Jove: Silke Ribes. Actualmente alumna del Real Conservatorio Superior de M\u00fasica de Madrid, se ha formado con destacados maestros y en 2020 recibi\u00f3 la beca del Curtis Summerfest de Philadelphia, un programa de formaci\u00f3n que ofrece este instituto de alto rendimiento, considerado el mejor conservatorio de los EE.UU, adem\u00e1s de haber obtenido numerosos premios pese a su juventud.<\/p>\n<p>&#8211; Corbata de la Vila: Cofrad\u00eda Virgen de los Dolores. En los a\u00f1os 90 se estableci\u00f3 la tradici\u00f3n de que fueran los j\u00f3venes de 18 a\u00f1os de la Comisi\u00f3n de Fiestas del a\u00f1o en curso los que portaran la imagen de la Dolorosa en la procesi\u00f3n del Viernes Santo. Se trata de una costumbre reciente pero llena de significado ya que todos los chicos y chicas de la Comisi\u00f3n de Fiestas se implican durante semanas de ensayo para poder portar la imagen de la Dolorosa junto al resto de hermandades y cofrad\u00edas de la Semana Santa calpina. A lo largo de estos a\u00f1os las distintas comisiones han contado como capataces con Rafa Garc\u00eda, Rogelio Ram\u00edrez, Juan Santos y Miguel \u00c1ngel Sala.<\/p>\n","protected":false},"excerpt":{"rendered":"<p>El pleno del Ayuntamiento de Calp aprobar\u00e1 ma\u00f1ana conceder el Premi Jaume Pastor i Fluix\u00e0 \u2013 9 d\u2019Octubre a la Fundaci\u00f3 Comunitat Valenciana MARQ y Marq Museo Arqueol\u00f3gico Alicante por su contribuci\u00f3n en la recuperaci\u00f3n y conservaci\u00f3n de los yacimientos arqueol\u00f3gicos de Banys de la Reina y de la Pobla<\/p>\n","protected":false},"author":2,"featured_media":679,"comment_status":"open","ping_status":"closed","sticky":false,"template":"","format":"standard","meta":{"_jetpack_memberships_contains_paid_content":false,"footnotes":""},"categories":[1,3],"tags":[],"class_list":["post-678","post","type-post","status-publish","format-standard","has-post-thumbnail","hentry","category-calp","category-marina-alta"],"jetpack_featured_media_url":"https:\/\/marinaguia.com\/wp-content\/uploads\/2024\/07\/Banys-de-la-Reina-Calp-.jpg","jetpack_sharing_enabled":true,"_links":{"self":[{"href":"https:\/\/marinaguia.com\/index.php\/wp-json\/wp\/v2\/posts\/678","targetHints":{"allow":["GET"]}}],"collection":[{"href":"https:\/\/marinaguia.com\/index.php\/wp-json\/wp\/v2\/posts"}],"about":[{"href":"https:\/\/marinaguia.com\/index.php\/wp-json\/wp\/v2\/types\/post"}],"author":[{"embeddable":true,"href":"https:\/\/marinaguia.com\/index.php\/wp-json\/wp\/v2\/users\/2"}],"replies":[{"embeddable":true,"href":"https:\/\/marinaguia.com\/index.php\/wp-json\/wp\/v2\/comments?post=678"}],"version-history":[{"count":1,"href":"https:\/\/marinaguia.com\/index.php\/wp-json\/wp\/v2\/posts\/678\/revisions"}],"predecessor-version":[{"id":680,"href":"https:\/\/marinaguia.com\/index.php\/wp-json\/wp\/v2\/posts\/678\/revisions\/680"}],"wp:featuredmedia":[{"embeddable":true,"href":"https:\/\/marinaguia.com\/index.php\/wp-json\/wp\/v2\/media\/679"}],"wp:attachment":[{"href":"https:\/\/marinaguia.com\/index.php\/wp-json\/wp\/v2\/media?parent=678"}],"wp:term":[{"taxonomy":"category","embeddable":true,"href":"https:\/\/marinaguia.com\/index.php\/wp-json\/wp\/v2\/categories?post=678"},{"taxonomy":"post_tag","embeddable":true,"href":"https:\/\/marinaguia.com\/index.php\/wp-json\/wp\/v2\/tags?post=678"}],"curies":[{"name":"wp","href":"https:\/\/api.w.org\/{rel}","templated":true}]}}