{"id":682,"date":"2024-07-30T22:27:14","date_gmt":"2024-07-30T22:27:14","guid":{"rendered":"https:\/\/marinaguia.com\/?p=682"},"modified":"2024-07-30T22:35:25","modified_gmt":"2024-07-30T22:35:25","slug":"__trashed-2","status":"publish","type":"post","link":"https:\/\/marinaguia.com\/index.php\/2024\/07\/30\/__trashed-2\/","title":{"rendered":"Calp se prepara para celebrar sus fiestas patronales en honor a la Virgen de las Nieves"},"content":{"rendered":"<p style=\"text-align: center;\"><strong><u>Dos semanas de fiestas y bous para celebrar las fiestas patronales<\/u><\/strong><\/p>\n<p>Calp inicia ma\u00f1ana mi\u00e9rcoles las fiestas patronales en Honor a la Virgen de las Nieves organizadas por la Comisi\u00f3n de Fiestas de 2024 y el Ayuntamiento de Calp.<br \/>\nEl d\u00eda de ma\u00f1ana arrancar\u00e1 con el bombardeo a\u00e9reo de anuncio de fiestas y volteo de campanas y ya por la tarde los festeros se reunir\u00e1n en la plaza del Arco Iris para realizar la Entrada de la Murta por las calles del casco antiguo hasta llegar a la plaza Miguel Rosell\u00f3. All\u00ed la reinas y el rey infantil de las fiestas realizar\u00e1n desde el balc\u00f3n del Ayuntamiento la \u00abCrida a la festa\u00bb y se proceder\u00e1 al encendido de luces. Por la noche la plaza Mayor acoger\u00e1 la actuaci\u00f3n de la orquesta \u201cLa Fiesta\u201d.<br \/>\nEl jueves 1 de agosto se celebrar\u00e1 el \u00abD\u00eda del Fadr\u00ed\u00bb en el que los j\u00f3venes festeros tomar\u00e1n el Ayuntamiento y se producir\u00e1 el cambio de \u00abvara de mando\u00bb por los festeros de 2006 que gobernar\u00e1n las calles del municipio por un d\u00eda. Al medio d\u00eda tendr\u00e1 lugar una \u201cglobot\u00e0\u201d en la calle Llibertat y cuca\u00f1as en el carrer de Fora, por la tarde el parc de la Creativitat acoger\u00e1 aquajocs y fiesta de la espuma para los m\u00e1s peque\u00f1os. Ya por la noche est\u00e1 prevista la actuaci\u00f3n de la orquesta \u00abCarnavalia\u00bb en la plaza Mayor.<br \/>\nEl viernes 2 de agosto se instituye el \u00abD\u00eda del Ni\u00f1o\u00bb con diversas actividades destinadas a los m\u00e1s peque\u00f1os, as\u00ed habr\u00e1 despert\u00e0 infantil, aqua-jocs en el Parc de la Creativitat y ya por la tarde se celebrar\u00e1n los tradicionales musicales en la plaza Mayor, el infantil \u201cLa rosa encantada\u00bb a las 19 horas y el general \u00abLos 40 principales\u00bb a las 22:45 horas, a las 1 horas \u201cNoche DJ\u201d en la plaza Mayor.<br \/>\nEl s\u00e1bado 3 de agosto, se celebrar\u00e1 \u201cEl D\u00eda de las Comisiones\u201d con mini-disco en la plaza del Mosquit y cuca\u00f1as y charanga en el carrer de Fora por la ma\u00f1ana, adem\u00e1s de una paella gigante en la calle Conde de Altea, por la tarde fiesta del agua en la plaza Mayor y y por la noche est\u00e1 prevista la actuaci\u00f3n de la orquesta \u201cSeven Crashers\u201d en la plaza Mayor.<\/p>\n<p>El domingo 4 de agosto v\u00edspera de la fiesta grande, a las 20 horas se celebrar\u00e1 un pasacalle que servir\u00e1 para recoger a las reinas y miembros de la Comisi\u00f3n de Fiestas de 2024 para concentrarse ante el Ayuntamiento para asistir a la iglesia Parroquial donde se celebrar\u00e1 la Ofrenda de Flores a la Virgen de las Nieves. Ya por la noche se disparar\u00e1 una gran masclet\u00e1 nocturna a cargo de la Pirot\u00e9cnia Caballer y despu\u00e9s actuar\u00e1 la Orquesta Montecarlo en la plaza Mayor.<br \/>\nEl lunes 5, festividad de la Virgen de las Nieves, Patrona de Calp, los actos se iniciar\u00e1n con un bombardeo a\u00e9reo y un pasacalle de la Comisi\u00f3n. A las 13:00 horas se dispar\u00e1 una masclet\u00e1 en la plaza Mayor. A las 19:30 horas est\u00e1 prevista la misa en honor a la patrona en la iglesia parroquial Virgen de las Nieves y al finalizar se celebrar\u00e1 la procesi\u00f3n que recorrer\u00e1 las calles del casco antiguo y al que seguir\u00e1 el conocido Castell a la Mar organizdo por la Concejal\u00eda de Fiestas, un castillo de fuegos artificiales \u201caero-acu\u00e1tico\u201dque se dispara desde el espig\u00f3n de la playa del Arenal-Bol. A las 00:30 horas la plaza Mayor volver\u00e1 a ser el centro de reuni\u00f3n con la actuaci\u00f3n de la orquesta \u201cLa Tribu\u201d.<br \/>\nEl martes 6 de agosto, D\u00eda de San Salvador habr\u00e1, \u201cdespert\u00e1\u00bb infantil y se celebrar\u00e1 la tradicional partida de pilota valenciana en la calle Garc\u00eda Ortiz. Y ya por la tarde los festeros y autoridades se trasladar\u00e1n a la ermita de San Salvador donde est\u00e1 previsto celebrar la tradicional misa en honor a San Salvador. A continuaci\u00f3n se servir\u00e1 un aperitivo popular .<br \/>\nDel 6 al 12 de agosto se celebrar\u00e1n los tradicionales \u201cBous al carrer\u201d en la calle Conde de Altea con sesiones de tarde y noche organizadas por la Associaci\u00f3 Festera Bous al Carrer. Y el domingo 11 de agosto se celebrar\u00e1 la gran cabalgata con desfile de carrozas desde la calle Benissa hasta la plaza Col\u00f3n.<br \/>\nY el fin de fiesta lo pondr\u00e1n los conciertos gratuitos del 14 y 15 de agosto con el Calp Pop Festival. El 14 de agosto a partir de las 21 horas ser\u00e1 noche remember con DJ Kofy, DJ Ra\u00fal Platero, Grupo Double Visi\u00f3n, DJ Chimo Bayo y DJ Vicente Buitr\u00f3n. Y el 15 de agosto a partir de las 21 horas actuaci\u00f3n de DJ Sifo, Mikel Erentxun, Los Rebeldes y DJ Joan K-Zu. Estos conciertos se celebran en el Parc de la Creativitat y son gratuitos.<\/p>\n","protected":false},"excerpt":{"rendered":"<p>Dos semanas de fiestas y bous para celebrar las fiestas patronales Calp inicia ma\u00f1ana mi\u00e9rcoles las fiestas patronales en Honor a la Virgen de las Nieves organizadas por la Comisi\u00f3n de Fiestas de 2024 y el Ayuntamiento de Calp. El d\u00eda de ma\u00f1ana arrancar\u00e1 con el bombardeo a\u00e9reo de anuncio<\/p>\n","protected":false},"author":2,"featured_media":687,"comment_status":"open","ping_status":"closed","sticky":false,"template":"","format":"standard","meta":{"_jetpack_memberships_contains_paid_content":false,"footnotes":""},"categories":[1,3,16],"tags":[],"class_list":["post-682","post","type-post","status-publish","format-standard","has-post-thumbnail","hentry","category-calp","category-marina-alta","category-verano-2024"],"jetpack_featured_media_url":"https:\/\/marinaguia.com\/wp-content\/uploads\/2024\/07\/Plaza-Mayor-def.jpg","jetpack_sharing_enabled":true,"_links":{"self":[{"href":"https:\/\/marinaguia.com\/index.php\/wp-json\/wp\/v2\/posts\/682","targetHints":{"allow":["GET"]}}],"collection":[{"href":"https:\/\/marinaguia.com\/index.php\/wp-json\/wp\/v2\/posts"}],"about":[{"href":"https:\/\/marinaguia.com\/index.php\/wp-json\/wp\/v2\/types\/post"}],"author":[{"embeddable":true,"href":"https:\/\/marinaguia.com\/index.php\/wp-json\/wp\/v2\/users\/2"}],"replies":[{"embeddable":true,"href":"https:\/\/marinaguia.com\/index.php\/wp-json\/wp\/v2\/comments?post=682"}],"version-history":[{"count":1,"href":"https:\/\/marinaguia.com\/index.php\/wp-json\/wp\/v2\/posts\/682\/revisions"}],"predecessor-version":[{"id":688,"href":"https:\/\/marinaguia.com\/index.php\/wp-json\/wp\/v2\/posts\/682\/revisions\/688"}],"wp:featuredmedia":[{"embeddable":true,"href":"https:\/\/marinaguia.com\/index.php\/wp-json\/wp\/v2\/media\/687"}],"wp:attachment":[{"href":"https:\/\/marinaguia.com\/index.php\/wp-json\/wp\/v2\/media?parent=682"}],"wp:term":[{"taxonomy":"category","embeddable":true,"href":"https:\/\/marinaguia.com\/index.php\/wp-json\/wp\/v2\/categories?post=682"},{"taxonomy":"post_tag","embeddable":true,"href":"https:\/\/marinaguia.com\/index.php\/wp-json\/wp\/v2\/tags?post=682"}],"curies":[{"name":"wp","href":"https:\/\/api.w.org\/{rel}","templated":true}]}}