{"id":691,"date":"2024-08-03T12:26:59","date_gmt":"2024-08-03T12:26:59","guid":{"rendered":"https:\/\/marinaguia.com\/?p=691"},"modified":"2024-08-03T12:26:59","modified_gmt":"2024-08-03T12:26:59","slug":"maties-pastor-font-nuevo-alcalde-de-calp-en-el-dia-del-fadri","status":"publish","type":"post","link":"https:\/\/marinaguia.com\/index.php\/2024\/08\/03\/maties-pastor-font-nuevo-alcalde-de-calp-en-el-dia-del-fadri\/","title":{"rendered":"Maties Pastor Font, nuevo alcalde de Calp en el Dia del Fadr\u00ed"},"content":{"rendered":"<p>Como marca la tradici\u00f3n en el Dia del Fadr\u00ed Calp cuenta con nuevo alcalde. Esta ma\u00f1ana el festero de 18 a\u00f1os Maties Pastor Font se ha convertido en el primer edil del municipio tras cederle la vara de mando la alcaldesa Ana Sala. Y aunque ser\u00e1 por 24 horas ha preparado un programa de medidas que estar\u00e1n en vigor a lo largo de la jornada.<\/p>\n<p>El nuevo acalde se ha dirigido desde el balc\u00f3n del Ayuntamiento a las personas asistentes \u2013 miembros de la comisi\u00f3n y ciudadan\u00eda \u2013 y ha se\u00f1alado en primer lugar que: \u201caunque yo sea el alcalde \u201cfadr\u00ed\u201d quien gobierna es la quinta de 2006 y ha manifestado \u201cque es un orgullo ser alcalde de mi pueblo y representar a mi quinta\u201d. Y entre las propuestas que implantar\u00e1 su equipo de gobierno ha anunciado la supresi\u00f3n del l\u00edmite de horarios establecido por la alcaldesa para regular las actividades de las pe\u00f1as o casales de fiestas que se vienen desarrollando desde hace unos a\u00f1os. Tambi\u00e9n por la situaci\u00f3n de sequ\u00eda la supresi\u00f3n de las fuentes como la de agua potable filtrada y refrigerada recientemente instalada en la plaza Constituci\u00f3n por lo que ha animado a tomar \u201ccerveza a gog\u00f3\u201d as\u00ed como la instalaci\u00f3n de unas escaleras mec\u00e1nicas para la avenida Gabriel Mir\u00f3, entre otras propuestas.<\/p>\n<p>Maties Pastor ha cerrado su discurso invitando a todo el pueblo, ciudadan\u00eda y visitantes a disfrutar del intenso programa de actos preparado por la comisi\u00f3n de fiestas. A continuaci\u00f3n ha celebrado el primer pleno de su mandato con el nombramiento de su equipo de gobierno.<\/p>\n","protected":false},"excerpt":{"rendered":"<p>Como marca la tradici\u00f3n en el Dia del Fadr\u00ed Calp cuenta con nuevo alcalde. Esta ma\u00f1ana el festero de 18 a\u00f1os Maties Pastor Font se ha convertido en el primer edil del municipio tras cederle la vara de mando la alcaldesa Ana Sala. Y aunque ser\u00e1 por 24 horas ha<\/p>\n","protected":false},"author":2,"featured_media":692,"comment_status":"open","ping_status":"closed","sticky":false,"template":"","format":"standard","meta":{"_jetpack_memberships_contains_paid_content":false,"footnotes":""},"categories":[1,3,16],"tags":[],"class_list":["post-691","post","type-post","status-publish","format-standard","has-post-thumbnail","hentry","category-calp","category-marina-alta","category-verano-2024"],"jetpack_featured_media_url":"https:\/\/marinaguia.com\/wp-content\/uploads\/2024\/08\/Maties-Pastor-nou-alcalde-8.jpg","jetpack_sharing_enabled":true,"_links":{"self":[{"href":"https:\/\/marinaguia.com\/index.php\/wp-json\/wp\/v2\/posts\/691","targetHints":{"allow":["GET"]}}],"collection":[{"href":"https:\/\/marinaguia.com\/index.php\/wp-json\/wp\/v2\/posts"}],"about":[{"href":"https:\/\/marinaguia.com\/index.php\/wp-json\/wp\/v2\/types\/post"}],"author":[{"embeddable":true,"href":"https:\/\/marinaguia.com\/index.php\/wp-json\/wp\/v2\/users\/2"}],"replies":[{"embeddable":true,"href":"https:\/\/marinaguia.com\/index.php\/wp-json\/wp\/v2\/comments?post=691"}],"version-history":[{"count":1,"href":"https:\/\/marinaguia.com\/index.php\/wp-json\/wp\/v2\/posts\/691\/revisions"}],"predecessor-version":[{"id":693,"href":"https:\/\/marinaguia.com\/index.php\/wp-json\/wp\/v2\/posts\/691\/revisions\/693"}],"wp:featuredmedia":[{"embeddable":true,"href":"https:\/\/marinaguia.com\/index.php\/wp-json\/wp\/v2\/media\/692"}],"wp:attachment":[{"href":"https:\/\/marinaguia.com\/index.php\/wp-json\/wp\/v2\/media?parent=691"}],"wp:term":[{"taxonomy":"category","embeddable":true,"href":"https:\/\/marinaguia.com\/index.php\/wp-json\/wp\/v2\/categories?post=691"},{"taxonomy":"post_tag","embeddable":true,"href":"https:\/\/marinaguia.com\/index.php\/wp-json\/wp\/v2\/tags?post=691"}],"curies":[{"name":"wp","href":"https:\/\/api.w.org\/{rel}","templated":true}]}}