{"id":694,"date":"2024-08-03T12:32:48","date_gmt":"2024-08-03T12:32:48","guid":{"rendered":"https:\/\/marinaguia.com\/?p=694"},"modified":"2024-08-03T12:32:48","modified_gmt":"2024-08-03T12:32:48","slug":"el-pleno-de-calp-aprueba-una-modificacion-de-credito-para-realizar-gastos-e-inversiones-de-580-000-euros","status":"publish","type":"post","link":"https:\/\/marinaguia.com\/index.php\/2024\/08\/03\/el-pleno-de-calp-aprueba-una-modificacion-de-credito-para-realizar-gastos-e-inversiones-de-580-000-euros\/","title":{"rendered":"El pleno de Calp aprueba una modificaci\u00f3n de cr\u00e9dito para realizar gastos e inversiones de 580.000 euros"},"content":{"rendered":"<p>El pleno del Ayuntamiento de Calp ha aprobado una modificaci\u00f3n de cr\u00e9dito de 579.996,12 euros a cargo del remanente de tesorer\u00eda que permitir\u00e1 afrontar diferentes gastos e inversiones.<\/p>\n<p>Seg\u00fan ha explicado la alcaldesa de Calp, Ana Sala, de ese montante se destinar\u00e1n 150.000 euros para organizar una Feria de Navidad \u201cdistinta, m\u00e1s amplia, con mayor \u00e9nfasis y envergadura\u201d. As\u00ed mismo, se invertir\u00e1n 85.382,86 euros en instalaci\u00f3n de iluminaci\u00f3n led para el centro hist\u00f3rico de la localidad, 50.000 euros en la adquisici\u00f3n de c\u00e1maras de seguridad, 25.000 euros en el renting de cuatro motos para la Polic\u00eda Local, 15.000 euros para la organizaci\u00f3n de un nuevo Encuentro de Comunicaci\u00f3n Innovadora y 40.000 euros para la adquisici\u00f3n de mobiliario para el Centro Social de Servicios Sociales. Adem\u00e1s, se han previsto 30.000 euros para la posible organizaci\u00f3n de un nuevo evento en el \u00faltimo trimestre del a\u00f1o con motivo del centenario de la Cofrad\u00eda de Pescadores y otros 40.000 euros para la celebraci\u00f3n del 50 aniversario de la banda de m\u00fasica de Calp.<br \/>\nA todo ello se suman 144.613,26 euros que estar\u00e1n destinados a pagar facturas pendientes del servicio de ambulancia correspondientes al ejercicio de 2023.<br \/>\nEl punto ha sido aprobado con los votos del equipo de gobierno (Somos Calpe, Psoe y Comprom\u00eds) y la abstenci\u00f3n de Defendamos Calpe y del grupo municipal popular.<br \/>\nEl portavoz de Defendamos Calpe, Paco Quiles, ha se\u00f1alado que el equipo de gobierno no tiene \u201cun orden de prioridades, que establezca qu\u00e9 es lo m\u00e1s necesario en el municipio\u201d y le ha recriminado que se destine dinero a \u201cm\u00e1s fiestas cuando hay carencias\u201d y ha sugerido la construcci\u00f3n de un pabell\u00f3n deportivo o la adquisici\u00f3n de instrumentos para las escuelas de m\u00fasica, entre otras cuestiones.<br \/>\nPor su parte, el portavoz del grupo popular Miguel Crespo, ha indicado que con esta nueva modificaci\u00f3n de cr\u00e9dito Calp consumir\u00e1 m\u00e1s de 17 millones de euros de remanente, seg\u00fan un informe de Intervenci\u00f3n y que presumiblemente no se cumplir\u00e1 la regla del gasto en 2024. Ha acusado al equipo de gobierno de falta de previsi\u00f3n y de utilizar un criterio \u201cpopulista\u201d a la hora de gestionar el gasto y el remanente. \u201cHay que tener un proyecto pol\u00edtico de gobierno, que marque una direcci\u00f3n y parece que muchas veces improvisamos en exceso\u201d, ha se\u00f1alado.<\/p>\n<p>El portavoz del grupo municipal socialista Guillermo Sendra ha explicado la necesidad de las inversiones planteadas desde sus delegaciones como las cuatro nuevas motocicletas para la Polic\u00eda Local, cuya plantilla ha aumentado este a\u00f1o en 16 nuevos agentes o la instalaci\u00f3n en el casco hist\u00f3rico de luces LED. \u201cSomos de los pocos pueblos que todav\u00eda no tenemos iluminaci\u00f3n de bajo consumo en el centro hist\u00f3rico; es una necesidad imperiosa que tengamos ya una iluminaci\u00f3n propia del siglo XXI\u201d, ha indicado.<br \/>\nEl portavoz del equipo de gobierno y de Comprom\u00eds, Ximo Perles, ha destacado que \u201cdesde que se aprueba en un presupuesto por muy bien que lo hagas se genera un remanente\u201d, como es el hecho de que una persona de la plantilla municipal est\u00e9 de baja \u2013 ya que el 75 por ciento de su sueldo pasa a ser abonado por la Seguridad Social -. Y ha calificado de \u201cdemagogia\u201d comparar inversiones en fiestas con la adquisici\u00f3n de instrumentos musicales al carecer Calp de escuela de m\u00fasica p\u00fablica y ha coincidido en la necesidad de un pabell\u00f3n. \u201cPero si no est\u00e1n en este remanente ni en el presupuesto general es porque estas inversiones requieren un proyecto y como este proyecto no est\u00e1 redactado no queremos prever unas inversiones que no van a poder ejecutarse\u201d.<br \/>\nPor otro lado, el portavoz de Somos Calpe Juan Manuel del Pino ha se\u00f1alado que se han tratado de cubrir las necesidades que hab\u00eda que satisfacer \u201ccon un criterio honesto y sensato\u201d.<br \/>\nLa alcaldesa Ana Sala ha defendido la labor del equipo de gobierno en la gesti\u00f3n econ\u00f3mica. \u201cSomos un gobierno muy responsable en cuanto a las cuentas; en los \u00faltimos cinco a\u00f1os este ayuntamiento ha aprobado el presupuesto en tiempo y forma\u201d y ha a\u00f1adido que \u201csi hay remanente disponible, qu\u00e9 mejor manera invertir ese dinero que devolv\u00e9rselo a los ciudadanos\u201d a trav\u00e9s de estos proyectos.<\/p>\n<p><strong>MODIFICACI\u00d3N ORDENANZA CEMENTERIO<\/strong><br \/>\nPor otro lado, el pleno ha acordado por unanimidad la aprobaci\u00f3n inicial de la modificaci\u00f3n de la Ordenanza para el r\u00e9gimen y gobierno en la prestaci\u00f3n de servicios en el cementerio municipal. El objetivo es dar soluci\u00f3n a un problema detectado como es permitir que puedan ser enterrados en el camposanto familiares de calpinos hasta en un sexto grado de consanguinidad que no est\u00e9n empadronados en el municipio. Esta modificaci\u00f3n se aplicar\u00e1 para nichos que ya pertenezcan a la familia y no a los de nueva ocupaci\u00f3n. As\u00ed mismo no se exigir\u00e1 el empadronamiento para el dep\u00f3sito de cenizas tanto en columbarios com en el nicho de la familia.<br \/>\n\u201cHoy es un d\u00eda en el que cambiando un p\u00e1rrafo mejoramos la vida de la gente, tratamos de mitigar el dolor que esta medida pod\u00eda causar\u201d, ha destacado el concejal del Parque del descanso eterno Marco Bittner;<\/p>\n<p>Se trata de una modificaci\u00f3n en la que se ha estado trabajando desde hace un a\u00f1o y que tambi\u00e9n reflejar\u00e1 la actualizaci\u00f3n de los horarios que se estaban aplicando ya.<\/p>\n<p><strong>BONOS COMERCIO<\/strong><br \/>\nEl pleno ha aprobado modificar las bases de la campa\u00f1a Bono Comercio 2024 con el fin de trasladar al segundo semestre del a\u00f1o la fase de la campa\u00f1a prevista para el primer semestre. Esta se ha tenido que demorar por la exigencia legal de sacar a concurso la designaci\u00f3n de la asociaci\u00f3n econ\u00f3mica, encargada de la gesti\u00f3n de los bonos.<br \/>\nDe esta manera, se agrupar\u00e1n las dos fases de la convocatoria en una con un montante total de 500.000 euros, si bien las bases prev\u00e9n que en caso de que no se agote dicha cantidad se pueda realizar una segunda convocatoria en la que las personas que adquirieron un bono en la primera puedan igualmente ser beneficiarias de un nuevo bono.<br \/>\nTambi\u00e9n se han aprobado de forma inicial las bases de la campa\u00f1a Bono \u2013 Consumo 2024, financiada \u00edntegramente por la Diputaci\u00f3n de Alicante y que destinar\u00e1 a Calp 290.845,00 euros. Esta campa\u00f1a tendr\u00e1 lugar tras la celebraci\u00f3n de la de Bono Comercio con el fin de continuar con el objetivo de reactivar el consumo en el comercio local.<\/p>\n","protected":false},"excerpt":{"rendered":"<p>El pleno del Ayuntamiento de Calp ha aprobado una modificaci\u00f3n de cr\u00e9dito de 579.996,12 euros a cargo del remanente de tesorer\u00eda que permitir\u00e1 afrontar diferentes gastos e inversiones. Seg\u00fan ha explicado la alcaldesa de Calp, Ana Sala, de ese montante se destinar\u00e1n 150.000 euros para organizar una Feria de Navidad<\/p>\n","protected":false},"author":2,"featured_media":695,"comment_status":"open","ping_status":"closed","sticky":false,"template":"","format":"standard","meta":{"_jetpack_memberships_contains_paid_content":false,"footnotes":""},"categories":[1,3,16],"tags":[],"class_list":["post-694","post","type-post","status-publish","format-standard","has-post-thumbnail","hentry","category-calp","category-marina-alta","category-verano-2024"],"jetpack_featured_media_url":"https:\/\/marinaguia.com\/wp-content\/uploads\/2024\/08\/Pleno-extraordinario-julio-2024-1.jpg","jetpack_sharing_enabled":true,"_links":{"self":[{"href":"https:\/\/marinaguia.com\/index.php\/wp-json\/wp\/v2\/posts\/694","targetHints":{"allow":["GET"]}}],"collection":[{"href":"https:\/\/marinaguia.com\/index.php\/wp-json\/wp\/v2\/posts"}],"about":[{"href":"https:\/\/marinaguia.com\/index.php\/wp-json\/wp\/v2\/types\/post"}],"author":[{"embeddable":true,"href":"https:\/\/marinaguia.com\/index.php\/wp-json\/wp\/v2\/users\/2"}],"replies":[{"embeddable":true,"href":"https:\/\/marinaguia.com\/index.php\/wp-json\/wp\/v2\/comments?post=694"}],"version-history":[{"count":1,"href":"https:\/\/marinaguia.com\/index.php\/wp-json\/wp\/v2\/posts\/694\/revisions"}],"predecessor-version":[{"id":696,"href":"https:\/\/marinaguia.com\/index.php\/wp-json\/wp\/v2\/posts\/694\/revisions\/696"}],"wp:featuredmedia":[{"embeddable":true,"href":"https:\/\/marinaguia.com\/index.php\/wp-json\/wp\/v2\/media\/695"}],"wp:attachment":[{"href":"https:\/\/marinaguia.com\/index.php\/wp-json\/wp\/v2\/media?parent=694"}],"wp:term":[{"taxonomy":"category","embeddable":true,"href":"https:\/\/marinaguia.com\/index.php\/wp-json\/wp\/v2\/categories?post=694"},{"taxonomy":"post_tag","embeddable":true,"href":"https:\/\/marinaguia.com\/index.php\/wp-json\/wp\/v2\/tags?post=694"}],"curies":[{"name":"wp","href":"https:\/\/api.w.org\/{rel}","templated":true}]}}