{"id":734,"date":"2024-08-23T11:55:34","date_gmt":"2024-08-23T11:55:34","guid":{"rendered":"https:\/\/marinaguia.com\/?p=734"},"modified":"2024-08-23T11:55:34","modified_gmt":"2024-08-23T11:55:34","slug":"calp-recibe-en-lo-que-va-de-ano-985-solicitudes-para-viviendas-turisticas","status":"publish","type":"post","link":"https:\/\/marinaguia.com\/index.php\/2024\/08\/23\/calp-recibe-en-lo-que-va-de-ano-985-solicitudes-para-viviendas-turisticas\/","title":{"rendered":"Calp recibe en lo que va de a\u00f1o 985 solicitudes para viviendas tur\u00edsticas"},"content":{"rendered":"<p>El departamento municipal de Territorio ha realizado un estudio sobre\u00a0 la evoluci\u00f3n de\u00a0 la vivienda tur\u00edstica en Calp en los \u00faltimos a\u00f1os, para ello se han analizado las solicitudes para convertir viviendas residenciales en uso tur\u00edstico desde 2017 con datos del propio gestor de expedientes del Ayuntamiento y los de Turismo Comunidad Valenciana.Los datos muestran un crecimiento exponencial desde 2017 exceptuando\u00a0 2020 y 2021 presumiblemente por los efectos de la pandemia. En 2017 se solicitaron 441 certificados de vivienda tur\u00edstica frente a los 985 solicitados en 2024 hasta el mes corriente. Es decir, el Ayuntamiento ha recibido en ocho meses\u00a0 985 solicitudes para dar un uso tur\u00edsticos a viviendas residenciales. En 2019 se solicitaron 671 certificados, en 2022 fueron 630 y en 2023 se alcanz\u00f3 la cifra de 932 certificados de viviendas tur\u00edsticas.<\/p>\n<p>El pasado mes de junio el Ayuntamiento ya constituy\u00f3 la primera reuni\u00f3n del grupo de trabajo, formado por t\u00e9cnicos, pol\u00edticos y representantes de sectores implicados, para el estudio de la situaci\u00f3n habitacional en Calp, el objetivo es analizar las distintas soluciones dentro del marco competencial municipal, para determinar soluciones y acciones encaminadas a conseguir el objetivo de una vivienda asequible y digna.<\/p>\n<p>En esta primera reuni\u00f3n ya se abord\u00f3 la necesidad de controlar y limitar la vivienda tur\u00edstica, con anterioridad el Ayuntamiento acord\u00f3 la suspensi\u00f3n del cambio de uso de local comercial a vivienda. En los \u00faltimos a\u00f1os la proliferaci\u00f3n de la vivienda tur\u00edstica muy por encima de la vivienda residencial ha provocado problemas de acceso a la vivienda en el municipio.<\/p>\n<p>El concejal de Territorio, Juan Manuel del Pino, ha se\u00f1alado que \u201cel alojamiento tur\u00edstico ha roto el mercado de la vivienda, el alojamiento tur\u00edstico ha subido los precios de una manera desorbitada y esto ha redundado en un problema social. Somos muy conscientes del problema de acceso a la vivienda y trabajamos en varias l\u00edneas para equilibrar la realidad habitacional del municipio.\u201d<\/p>\n","protected":false},"excerpt":{"rendered":"<p>El departamento municipal de Territorio ha realizado un estudio sobre\u00a0 la evoluci\u00f3n de\u00a0 la vivienda tur\u00edstica en Calp en los \u00faltimos a\u00f1os, para ello se han analizado las solicitudes para convertir viviendas residenciales en uso tur\u00edstico desde 2017 con datos del propio gestor de expedientes del Ayuntamiento y los de<\/p>\n","protected":false},"author":2,"featured_media":735,"comment_status":"open","ping_status":"closed","sticky":false,"template":"","format":"standard","meta":{"_jetpack_memberships_contains_paid_content":false,"footnotes":""},"categories":[1,3,16],"tags":[],"class_list":["post-734","post","type-post","status-publish","format-standard","has-post-thumbnail","hentry","category-calp","category-marina-alta","category-verano-2024"],"jetpack_featured_media_url":"https:\/\/marinaguia.com\/wp-content\/uploads\/2024\/08\/Playa-del-Arenal-bol-2.jpg","jetpack_sharing_enabled":true,"_links":{"self":[{"href":"https:\/\/marinaguia.com\/index.php\/wp-json\/wp\/v2\/posts\/734","targetHints":{"allow":["GET"]}}],"collection":[{"href":"https:\/\/marinaguia.com\/index.php\/wp-json\/wp\/v2\/posts"}],"about":[{"href":"https:\/\/marinaguia.com\/index.php\/wp-json\/wp\/v2\/types\/post"}],"author":[{"embeddable":true,"href":"https:\/\/marinaguia.com\/index.php\/wp-json\/wp\/v2\/users\/2"}],"replies":[{"embeddable":true,"href":"https:\/\/marinaguia.com\/index.php\/wp-json\/wp\/v2\/comments?post=734"}],"version-history":[{"count":1,"href":"https:\/\/marinaguia.com\/index.php\/wp-json\/wp\/v2\/posts\/734\/revisions"}],"predecessor-version":[{"id":736,"href":"https:\/\/marinaguia.com\/index.php\/wp-json\/wp\/v2\/posts\/734\/revisions\/736"}],"wp:featuredmedia":[{"embeddable":true,"href":"https:\/\/marinaguia.com\/index.php\/wp-json\/wp\/v2\/media\/735"}],"wp:attachment":[{"href":"https:\/\/marinaguia.com\/index.php\/wp-json\/wp\/v2\/media?parent=734"}],"wp:term":[{"taxonomy":"category","embeddable":true,"href":"https:\/\/marinaguia.com\/index.php\/wp-json\/wp\/v2\/categories?post=734"},{"taxonomy":"post_tag","embeddable":true,"href":"https:\/\/marinaguia.com\/index.php\/wp-json\/wp\/v2\/tags?post=734"}],"curies":[{"name":"wp","href":"https:\/\/api.w.org\/{rel}","templated":true}]}}