{"id":775,"date":"2024-09-11T12:14:18","date_gmt":"2024-09-11T12:14:18","guid":{"rendered":"https:\/\/marinaguia.com\/?p=775"},"modified":"2024-09-11T12:14:18","modified_gmt":"2024-09-11T12:14:18","slug":"el-equipo-de-gobierno-retirara-el-punto-de-la-actualizacion-de-la-tasa-de-la-basura-al-detectar-un-error-en-su-calculo","status":"publish","type":"post","link":"https:\/\/marinaguia.com\/index.php\/2024\/09\/11\/el-equipo-de-gobierno-retirara-el-punto-de-la-actualizacion-de-la-tasa-de-la-basura-al-detectar-un-error-en-su-calculo\/","title":{"rendered":"El equipo de gobierno retirar\u00e1 el punto de la actualizaci\u00f3n de la tasa de la basura al detectar un error en su c\u00e1lculo"},"content":{"rendered":"<p>El equipo de gobierno calpino retirar\u00e1 el punto relativo a la modificaci\u00f3n de la Ordenanza fiscal reguladora de la tasa por recogida domiciliaria de basura en el pleno ordinario que se celebrar\u00e1 ma\u00f1ana martes 10 de septiembre. Esta decisi\u00f3n viene motivada tras detectar un error en el c\u00e1lculo de la tasa.<\/p>\n<p>\u201cVamos a retirar la propuesta del orden del d\u00eda ya que es nula de pleno derecho al haberse producido un error aritm\u00e9tico y material en el c\u00e1lculo de la tasa\u201d, ha se\u00f1alado la alcaldesa Ana Sala.<\/p>\n<p>La actualizaci\u00f3n de la tasa de basura se iba a llevar a cabo, de acuerdo con la nueva ley estatal de Residuos \u2013 en aplicaci\u00f3n de una directiva europea &#8211; y que obliga a que la gesti\u00f3n de los residuos en cada ayuntamiento no sea deficitaria, es decir, que los ayuntamientos han de recaudar con la tasa de la basura el 100% del coste del servicio. Ahora se iniciar\u00e1 de nuevo una fase de estudio para fijar la nueva actualizaci\u00f3n de la tasa.<\/p>\n","protected":false},"excerpt":{"rendered":"<p>El equipo de gobierno calpino retirar\u00e1 el punto relativo a la modificaci\u00f3n de la Ordenanza fiscal reguladora de la tasa por recogida domiciliaria de basura en el pleno ordinario que se celebrar\u00e1 ma\u00f1ana martes 10 de septiembre. Esta decisi\u00f3n viene motivada tras detectar un error en el c\u00e1lculo de la<\/p>\n","protected":false},"author":2,"featured_media":776,"comment_status":"open","ping_status":"closed","sticky":false,"template":"","format":"standard","meta":{"_jetpack_memberships_contains_paid_content":false,"footnotes":""},"categories":[1,3,10,16],"tags":[],"class_list":["post-775","post","type-post","status-publish","format-standard","has-post-thumbnail","hentry","category-calp","category-marina-alta","category-uncategorized","category-verano-2024"],"jetpack_featured_media_url":"https:\/\/marinaguia.com\/wp-content\/uploads\/2024\/09\/ERROR-2.jpg","jetpack_sharing_enabled":true,"_links":{"self":[{"href":"https:\/\/marinaguia.com\/index.php\/wp-json\/wp\/v2\/posts\/775","targetHints":{"allow":["GET"]}}],"collection":[{"href":"https:\/\/marinaguia.com\/index.php\/wp-json\/wp\/v2\/posts"}],"about":[{"href":"https:\/\/marinaguia.com\/index.php\/wp-json\/wp\/v2\/types\/post"}],"author":[{"embeddable":true,"href":"https:\/\/marinaguia.com\/index.php\/wp-json\/wp\/v2\/users\/2"}],"replies":[{"embeddable":true,"href":"https:\/\/marinaguia.com\/index.php\/wp-json\/wp\/v2\/comments?post=775"}],"version-history":[{"count":1,"href":"https:\/\/marinaguia.com\/index.php\/wp-json\/wp\/v2\/posts\/775\/revisions"}],"predecessor-version":[{"id":777,"href":"https:\/\/marinaguia.com\/index.php\/wp-json\/wp\/v2\/posts\/775\/revisions\/777"}],"wp:featuredmedia":[{"embeddable":true,"href":"https:\/\/marinaguia.com\/index.php\/wp-json\/wp\/v2\/media\/776"}],"wp:attachment":[{"href":"https:\/\/marinaguia.com\/index.php\/wp-json\/wp\/v2\/media?parent=775"}],"wp:term":[{"taxonomy":"category","embeddable":true,"href":"https:\/\/marinaguia.com\/index.php\/wp-json\/wp\/v2\/categories?post=775"},{"taxonomy":"post_tag","embeddable":true,"href":"https:\/\/marinaguia.com\/index.php\/wp-json\/wp\/v2\/tags?post=775"}],"curies":[{"name":"wp","href":"https:\/\/api.w.org\/{rel}","templated":true}]}}