{"id":953,"date":"2025-01-28T20:39:16","date_gmt":"2025-01-28T20:39:16","guid":{"rendered":"https:\/\/marinaguia.com\/?p=953"},"modified":"2025-01-28T20:39:16","modified_gmt":"2025-01-28T20:39:16","slug":"el-pleno-de-calp-aprueba-su-agenda-urbana-con-los-proyectos-estrategicos-del-municipio-hasta-2030","status":"publish","type":"post","link":"https:\/\/marinaguia.com\/index.php\/2025\/01\/28\/el-pleno-de-calp-aprueba-su-agenda-urbana-con-los-proyectos-estrategicos-del-municipio-hasta-2030\/","title":{"rendered":"El pleno de Calp aprueba su Agenda Urbana con los proyectos estrat\u00e9gicos del municipio hasta 2030"},"content":{"rendered":"<p>El pleno del Ayuntamiento de Calp ha aprobado de forma inicial el Plan de Acci\u00f3n Local para la implantaci\u00f3n de su Agenda Urbana, un documento que recoge los grandes proyectos que se llevar\u00e1n a cabo hasta 2030 en el municipio de acuerdo con los 10 objetivos estrat\u00e9gicos de la Agenda Urbana Espa\u00f1ola y los ODS de Naciones Unidas. El objetivo es convertir a Calp en una localidad m\u00e1s sostenible, competitiva e inclusiva.<br \/>\nEl documento realiza un an\u00e1lisis de la situaci\u00f3n actual de Calp y contempla un total de 168 actuaciones, distribuidas en los 10 ejes estrat\u00e9gicos: territorio, paisaje y biodiversidad, modelo urbano sostenible, prevenir y reducir los impactos del cambio clim\u00e1tico, gesti\u00f3n sostenible de los recursos y econom\u00eda circular, favorecer la proximidad y la movilidad sostenible, fomentar la cohesi\u00f3n social y buscar la equidad, impulsar y favorecer la econom\u00eda urbana, garantizar el acceso a la vivienda, liderar y fomentar la innovaci\u00f3n digital y mejorar los instrumentos de intervenci\u00f3n y la gobernanza.<br \/>\nEntre los grandes proyectos que contempla la Agenda Urbana destaca la construcci\u00f3n de la Oficina de Turismo del siglo XXI, la remodelaci\u00f3n del paseo mar\u00edtimo de la Fossa y de la plaza Mayor, la renaturalizaci\u00f3n del barranc del Quisi o la construcci\u00f3n de un Crisol , Centro de Recuperaci\u00f3n e inclusi\u00f3n social y sociolaboral, para personas con problemas de salud mental, entre otras actuaciones.<br \/>\nPara la elaboraci\u00f3n de la Agenda urbana se ha llevado a cabo sesiones de trabajo con representantes pol\u00edticos y t\u00e9cnicos municipales as\u00ed como un proceso de participaci\u00f3n ciudadana a trav\u00e9s de un cuestionario, dirigido a todas las personas residentes en el municipio, empresas y agentes clave de Calp.<br \/>\nDisponer de la Agenda Urbana facilitar\u00e1, as\u00ed mismo, la captaci\u00f3n de fondos europeos, especialmente los pertenecientes al Programa Operativo Plurirregional de Espa\u00f1a (POPE 2021 \u2013 2027) como los planes EDIL, Estrategias de Desarrollo Integrado Local, financiados en un 60% con cargo a los Fondos FEDER, con subvenciones que pueden oscilar entre los 5 y los 15 millones de euros para proyectos acordes a los Objetivos de Desarrollo Sostenible. De hecho, Calp se prepara tambi\u00e9n para presentar su candidatura a la convocatoria de estos fondos y se encuentra ya elaborando el Plan de Actuaci\u00f3n Integrada, que es el documento que contemplar\u00e1 los proyectos que optar\u00e1n a estas ayudas europeas.<br \/>\nEn este sentido, ha puesto en marcha una encuesta online para conocer la opini\u00f3n y las necesidades de la ciudadan\u00eda en el municipio, que se puede responder a trav\u00e9s de la web municipal www.calp.es.<br \/>\nEl concejal de Subvenciones y Fondos Europeos Marco Bittner ha explicado que \u201ceste documento recoge c\u00f3mo ser\u00e1 Calp en 2030, qu\u00e9 planes y proyectos queremos impulsar desde las distintas \u00e1reas. Es un documento complejo y extenso que recoge todas las necesidades y es obligatorio para poder solicitar cualquier ayuda o fondo europeo. Es un documento abierto en el que se pueden integrar m\u00e1s cosas\u201d.<br \/>\nPaco Quiles ha a\u00f1adido que \u201ces necesario este plan urbano para resolver carencias a largo plazo, hay cuestiones que son necesarias pero otras no, hay necesidades que no acaban de resolverse. Las preocupaciones m\u00e1s importantes de los vecinos como vivienda, tr\u00e1fico o aparcamiento no se resuelven\u201d.<br \/>\nMiguel Crespo, del grupo popular, ha afirmado que \u201cnuestro voto es favorable ya que el plan incluye proyectos iniciados por gobiernos populares y que consideramos importantes. Es un voto de confianza para ver si son capaces de llegar en tiempo y forma para conseguir los fondos\u201d.<\/p>\n<p>OTROS PUNTOS<br \/>\nOtro de los puntos tratados ha sido la modificaci\u00f3n de Cr\u00e9dito para destinar 64.094 euros de un partida de Publicidad en el presupuesto de 2024 a los municipios afectados por la DANA. El objetivo final del Gobierno es dotar el presupuesto de una aplicaci\u00f3n presupuestaria con 120.000 euros para realizar una transferencia a favor de la Generalitat Valenciana para la recuperaci\u00f3n de los municipios afectados por la DANA.<br \/>\nTambi\u00e9n se ha aprobado el Plan de Contrataci\u00f3n 2025 del Ayuntamiento de Calp atendiendo a la Ley 9\/2017 de Contratos del Sector P\u00fablico, que establece la necesidad de programar la actividad de contrataci\u00f3n p\u00fablica en un ejercicio presupuestario o en per\u00edodos plurianuales a trav\u00e9s del Plan de Contrataci\u00f3n.<br \/>\nDesde noviembre de 2024 se solicit\u00f3 a los diferentes Departamentos Municipales la informaci\u00f3n necesaria para poder elaborar este Plan de Contrataci\u00f3n, para lo cual el Departamento de Contrataci\u00f3n ha recibido m\u00e1s de 300 fichas que han sido agrupadas por conceptos y tipo de contrato. Seg\u00fan la alcaldesa, Ana Sala, \u201cse trata de una hoja de ruta de las intenciones de los concejales de contratos que se van a llevar acabo en este ejercicio\u201d.<br \/>\nPaco Quiles, de Defendamos Calpe, ha se\u00f1alado que \u201cexisten algunos contratos con los que no estamos de acuerdo, como los 100.000\u20ac del Pop Festival, los 170.000\u20ac de contrato de iluminaci\u00f3n o 150.000\u20ac de la Feria de Navidad. Existen otras necesidades como el ret\u00e9n de la Polic\u00eda Local. En definitiva, el dinero del contribuyente debe gestionarse de la mejor forma posible\u201d.<br \/>\nEl portavoz del Grupo Popular, Miguel Crespo ha indicado que \u201cel Plan es una obligaci\u00f3n legal y para optimizarlo deber\u00eda haberse presentado antes que la aprobaci\u00f3n de los presupuestos. Hay contratos que nos llaman la atenci\u00f3n pero no vamos a entrar en detalle porque este es su proyecto pol\u00edtico\u201d.<br \/>\nEl portavoz del gobierno y concejal de Contrataci\u00f3n, Ximo Perles, ha agradecido la labor del departamento de Contrataci\u00f3n y ha destacado que \u201cno es el momento de cuestionar cada contrato ya que este documento no significa que se vayan a realizar todos estos proyectos\u201d.<\/p>\n","protected":false},"excerpt":{"rendered":"<p>El pleno del Ayuntamiento de Calp ha aprobado de forma inicial el Plan de Acci\u00f3n Local para la implantaci\u00f3n de su Agenda Urbana, un documento que recoge los grandes proyectos que se llevar\u00e1n a cabo hasta 2030 en el municipio de acuerdo con los 10 objetivos estrat\u00e9gicos de la Agenda<\/p>\n","protected":false},"author":2,"featured_media":954,"comment_status":"open","ping_status":"closed","sticky":false,"template":"","format":"standard","meta":{"_jetpack_memberships_contains_paid_content":false,"footnotes":""},"categories":[1,3],"tags":[],"class_list":["post-953","post","type-post","status-publish","format-standard","has-post-thumbnail","hentry","category-calp","category-marina-alta"],"jetpack_featured_media_url":"https:\/\/marinaguia.com\/wp-content\/uploads\/2025\/01\/f704646d-8fb7-499e-9b30-149d4348f87e-scaled.jpg","jetpack_sharing_enabled":true,"_links":{"self":[{"href":"https:\/\/marinaguia.com\/index.php\/wp-json\/wp\/v2\/posts\/953","targetHints":{"allow":["GET"]}}],"collection":[{"href":"https:\/\/marinaguia.com\/index.php\/wp-json\/wp\/v2\/posts"}],"about":[{"href":"https:\/\/marinaguia.com\/index.php\/wp-json\/wp\/v2\/types\/post"}],"author":[{"embeddable":true,"href":"https:\/\/marinaguia.com\/index.php\/wp-json\/wp\/v2\/users\/2"}],"replies":[{"embeddable":true,"href":"https:\/\/marinaguia.com\/index.php\/wp-json\/wp\/v2\/comments?post=953"}],"version-history":[{"count":1,"href":"https:\/\/marinaguia.com\/index.php\/wp-json\/wp\/v2\/posts\/953\/revisions"}],"predecessor-version":[{"id":955,"href":"https:\/\/marinaguia.com\/index.php\/wp-json\/wp\/v2\/posts\/953\/revisions\/955"}],"wp:featuredmedia":[{"embeddable":true,"href":"https:\/\/marinaguia.com\/index.php\/wp-json\/wp\/v2\/media\/954"}],"wp:attachment":[{"href":"https:\/\/marinaguia.com\/index.php\/wp-json\/wp\/v2\/media?parent=953"}],"wp:term":[{"taxonomy":"category","embeddable":true,"href":"https:\/\/marinaguia.com\/index.php\/wp-json\/wp\/v2\/categories?post=953"},{"taxonomy":"post_tag","embeddable":true,"href":"https:\/\/marinaguia.com\/index.php\/wp-json\/wp\/v2\/tags?post=953"}],"curies":[{"name":"wp","href":"https:\/\/api.w.org\/{rel}","templated":true}]}}