{"id":956,"date":"2025-01-30T19:24:28","date_gmt":"2025-01-30T19:24:28","guid":{"rendered":"https:\/\/marinaguia.com\/?p=956"},"modified":"2025-01-30T19:24:28","modified_gmt":"2025-01-30T19:24:28","slug":"calp-acoge-el-primer-debate-sobre-alquiler-turistico-en-destinos-vacacionales","status":"publish","type":"post","link":"https:\/\/marinaguia.com\/index.php\/2025\/01\/30\/calp-acoge-el-primer-debate-sobre-alquiler-turistico-en-destinos-vacacionales\/","title":{"rendered":"Calp acoge el primer debate sobre alquiler tur\u00edstico en destinos vacacionales"},"content":{"rendered":"<p>&nbsp;<\/p>\n<p style=\"text-align: center;\"><strong><u>Con unas jornadas organizadas por la Concejal\u00eda de Turismo y el Instituto Universitario de Investigaciones Tur\u00edsticas<\/u><\/strong><\/p>\n<p>El pr\u00f3ximo 10 de febrero Calp ser\u00e1 sede de unas jornadas que analizaran los retos de la gobernanza del alquiler tur\u00edstico en destinos vacacionales, se trata de un debate que se aborda por primera vez y que contar\u00e1 con ponentes especializados y pertenecientes a todos los sectores involucrados en el alquiler tur\u00edstico en nuestra regi\u00f3n<br \/>\nLa jornada se iniciar\u00e1 con la bienvenida a cargo de la alcaldesa, Ana Sala, y la Concejala de Planificaci\u00f3n Tur\u00edstica, Mireia Ripoll, junto al Director del Instituto Universitario de Investigaciones Tur\u00edsticas, Josep Ivars. Y le seguir\u00e1 la ponencia del arquitecto urbanista, Gerardo Roger, con el t\u00edtulo \u201cVivienda y alquiler tur\u00edstico en el planeamiento y la gesti\u00f3n urban\u00edstica\u201d.<br \/>\nEn la primera mesa debate de la jornada con el t\u00edtulo \u201cApartamentos y alquiler tur\u00edstico: situaci\u00f3n actual desde la perspectiva empresarial\u201d est\u00e1 prevista la participaci\u00f3n de Silvia Blasco Benito, Presidenta, Asociaci\u00f3n de Apartamentos y Viviendas Tur\u00edsticas de la Comunidad Valenciana (APTUR CV), Mayte Garc\u00eda C\u00f3rcoles, Secretaria General, Asociaci\u00f3n Empresarial Hotelera y Tur\u00edstica de la Comunidad Valenciana (HOSBEC) y<br \/>\nCarmen Ib\u00e1\u00f1ez Pascual, LSO Manager Interhome. Este debate estar\u00e1 moderado por Ana B. Ram\u00f3n Rodr\u00edguez, Catedr\u00e1tica de Econom\u00eda Aplicada de la Universidad de Alicante.<br \/>\nLa segunda mesa con el t\u00edtulo \u201c La compleja regulaci\u00f3n del alquiler tur\u00edstico\u201d contar\u00e1 con Sonia Badal S\u00e1ez, Jefa Servicio Ordenaci\u00f3n y Tramitaci\u00f3n Tur\u00edstica, Conselleria de Innovaci\u00f3n, Industria, Comercio y Turismo, Marta Echevarr\u00eda Llombart, Subdirectora General de Turismo, Conselleria de Innovaci\u00f3n, Industria, Comercio y Turismo y<br \/>\nJorge Moya Ballester, profesor titular de Derecho Mercantil de la Universidad de Alicante. Moderar\u00e1 Reyes Gonz\u00e1lez Ram\u00edrez, Catedr\u00e1tica de Organizaci\u00f3n de Empresas de la Universidad de Alicante.<br \/>\nLa \u00faltima mesa denominada \u201cNuevas t\u00e9cnicas de an\u00e1lisis e instrumentos para la gesti\u00f3n del alquiler tur\u00edstico en destinos vacacionales\u201d estar\u00e1 formada por Natacha de Freitas Silva, de Geoinnova, C\u00e9sar de Mingo Calvo, de Global Omnium, Manuel Mir\u00f3 Navarro, Jefe de \u00c1rea Territorial del Ayuntamiento de Calp y Armando Ortu\u00f1o, profesor Ingenier\u00eda Civil de la Universidad de Alicante. Moderar\u00e1 el debate Jos\u00e9 F. Perles Ribes, Jefe del \u00c1rea de Promoci\u00f3n Econ\u00f3mica del Ayuntamiento de Calp.<br \/>\nCon esta jornada se pretende reflexionar y debatir en torno a las situaciones generadas por el alquiler tur\u00edstico, su impacto y regulaci\u00f3n y al mismo tiempo establecer formas de colaboraci\u00f3n en el futuro del turismo en destinos vacacionales.<\/p>\n<p>Formulario de inscripci\u00f3n: https:\/\/forms.gle\/RrMznPJuLwn9i7wV6<\/p>\n","protected":false},"excerpt":{"rendered":"<p>&nbsp; Con unas jornadas organizadas por la Concejal\u00eda de Turismo y el Instituto Universitario de Investigaciones Tur\u00edsticas El pr\u00f3ximo 10 de febrero Calp ser\u00e1 sede de unas jornadas que analizaran los retos de la gobernanza del alquiler tur\u00edstico en destinos vacacionales, se trata de un debate que se aborda por<\/p>\n","protected":false},"author":2,"featured_media":957,"comment_status":"open","ping_status":"closed","sticky":false,"template":"","format":"standard","meta":{"_jetpack_memberships_contains_paid_content":false,"footnotes":""},"categories":[1,3,18],"tags":[],"class_list":["post-956","post","type-post","status-publish","format-standard","has-post-thumbnail","hentry","category-calp","category-marina-alta","category-turismo"],"jetpack_featured_media_url":"https:\/\/marinaguia.com\/wp-content\/uploads\/2025\/01\/iuit-cartel-calpe-01-25.jpg","jetpack_sharing_enabled":true,"_links":{"self":[{"href":"https:\/\/marinaguia.com\/index.php\/wp-json\/wp\/v2\/posts\/956","targetHints":{"allow":["GET"]}}],"collection":[{"href":"https:\/\/marinaguia.com\/index.php\/wp-json\/wp\/v2\/posts"}],"about":[{"href":"https:\/\/marinaguia.com\/index.php\/wp-json\/wp\/v2\/types\/post"}],"author":[{"embeddable":true,"href":"https:\/\/marinaguia.com\/index.php\/wp-json\/wp\/v2\/users\/2"}],"replies":[{"embeddable":true,"href":"https:\/\/marinaguia.com\/index.php\/wp-json\/wp\/v2\/comments?post=956"}],"version-history":[{"count":1,"href":"https:\/\/marinaguia.com\/index.php\/wp-json\/wp\/v2\/posts\/956\/revisions"}],"predecessor-version":[{"id":958,"href":"https:\/\/marinaguia.com\/index.php\/wp-json\/wp\/v2\/posts\/956\/revisions\/958"}],"wp:featuredmedia":[{"embeddable":true,"href":"https:\/\/marinaguia.com\/index.php\/wp-json\/wp\/v2\/media\/957"}],"wp:attachment":[{"href":"https:\/\/marinaguia.com\/index.php\/wp-json\/wp\/v2\/media?parent=956"}],"wp:term":[{"taxonomy":"category","embeddable":true,"href":"https:\/\/marinaguia.com\/index.php\/wp-json\/wp\/v2\/categories?post=956"},{"taxonomy":"post_tag","embeddable":true,"href":"https:\/\/marinaguia.com\/index.php\/wp-json\/wp\/v2\/tags?post=956"}],"curies":[{"name":"wp","href":"https:\/\/api.w.org\/{rel}","templated":true}]}}