{"id":980,"date":"2025-02-20T16:40:13","date_gmt":"2025-02-20T16:40:13","guid":{"rendered":"https:\/\/marinaguia.com\/?p=980"},"modified":"2025-02-20T16:40:13","modified_gmt":"2025-02-20T16:40:13","slug":"calp-organiza-un-festival-para-recaudar-fondos-para-dos-entidades-musicales-afectadas-por-la-dana","status":"publish","type":"post","link":"https:\/\/marinaguia.com\/index.php\/2025\/02\/20\/calp-organiza-un-festival-para-recaudar-fondos-para-dos-entidades-musicales-afectadas-por-la-dana\/","title":{"rendered":"Calp organiza un festival para recaudar fondos para dos entidades musicales afectadas por la DANA"},"content":{"rendered":"<p><em>La ciudadan\u00eda calpina sigue mostrando su solidaridad con los municipios damnificados por la DANA, diversos artistas locales preparan el Festival Musical Calp por la DANA con el que se pretende recaudar fondos destinados a dos entidades musicales afectadas por la DANA, en concreto La Uni\u00f3n Musical Catarroja y La Uni\u00f3n Musical La Artesana de Catarroja.<\/em><\/p>\n<p><em>El festival se celebrar\u00e1 el pr\u00f3ximo 8 de marzo a las 19:30 horas en el Auditorio de la Casa de Cultura y ya pueden adquirirse las entradas con un precio de 10\u20ac\u00a0 en el Estanco N\u00ba3, Peluquer\u00eda Tifanni\u00b4s, Cafeteria La Nueva Oficina, Papeler\u00eda V\u00e1zquez, Carnicer\u00eda Cloti y Caf\u00e9 Bugatti. Los organizadores tambi\u00e9n ofrecen Fila 0 para aquellas personas que no pueden asistir al evento pero quieren colaborar con la iniciativa.<\/em><\/p>\n<p><em>El Festival Musical Calp por la DANA, impulsado por Batiste Pastor, incluye actuaciones de Jos\u00e9 Luis Luri, el D\u00fao\u00a0 Amalgama, el Cuarteo de Saxofones del Conservatorio de Benidorm, Celia y Gema Gonz\u00e1lez acompa\u00f1adas por el guitarrista Dar\u00edo Gonz\u00e1lez, Ferm\u00edn Nieto, David Luri, Mar\u00eda Llario, Mar\u00eda Guti\u00e9rrez, Toni Gonz\u00e1lez, Daniel Pastor Fuentes, Batiste Pastor, Alice Perles acompa\u00f1ada a la guitarra por Wignard Valdez, Jos\u00e9 Antonio Llario, J.C. 15 y Isita, y Rafael Rico y Antonio Esteve. La gala estar\u00e1 presentada por Irene Pastor y Jos\u00e9 Pascual Ortega .<\/em><\/p>\n<p><em>El Festival Musical Calp por la DANA contar\u00e1 con la presencia de Jos\u00e9 Peir\u00f3, presidente de la Uni\u00f3n Musical de Catarroja y Oscar Guillem, presidente de la Uni\u00f3n Musical La Artesana de Catarroja. Ambos explicaran como se han visto afectadas sus entidades musicales y a qu\u00e9 se destinar\u00e1n los fondos recaudados.<\/em><\/p>\n<p><em>Batiste Pastor, impulsor de la iniciativa, ha destacado la colaboraci\u00f3n desinteresada de todos los artistas y la cesi\u00f3n del Auditorio por parte del Ayuntamiento. <\/em><\/p>\n","protected":false},"excerpt":{"rendered":"<p>La ciudadan\u00eda calpina sigue mostrando su solidaridad con los municipios damnificados por la DANA, diversos artistas locales preparan el Festival Musical Calp por la DANA con el que se pretende recaudar fondos destinados a dos entidades musicales afectadas por la DANA, en concreto La Uni\u00f3n Musical Catarroja y La Uni\u00f3n<\/p>\n","protected":false},"author":2,"featured_media":981,"comment_status":"open","ping_status":"closed","sticky":false,"template":"","format":"standard","meta":{"_jetpack_memberships_contains_paid_content":false,"footnotes":""},"categories":[1,3,10],"tags":[],"class_list":["post-980","post","type-post","status-publish","format-standard","has-post-thumbnail","hentry","category-calp","category-marina-alta","category-uncategorized"],"jetpack_featured_media_url":"https:\/\/marinaguia.com\/wp-content\/uploads\/2025\/02\/AYUDA-DANA.jpg","jetpack_sharing_enabled":true,"_links":{"self":[{"href":"https:\/\/marinaguia.com\/index.php\/wp-json\/wp\/v2\/posts\/980","targetHints":{"allow":["GET"]}}],"collection":[{"href":"https:\/\/marinaguia.com\/index.php\/wp-json\/wp\/v2\/posts"}],"about":[{"href":"https:\/\/marinaguia.com\/index.php\/wp-json\/wp\/v2\/types\/post"}],"author":[{"embeddable":true,"href":"https:\/\/marinaguia.com\/index.php\/wp-json\/wp\/v2\/users\/2"}],"replies":[{"embeddable":true,"href":"https:\/\/marinaguia.com\/index.php\/wp-json\/wp\/v2\/comments?post=980"}],"version-history":[{"count":1,"href":"https:\/\/marinaguia.com\/index.php\/wp-json\/wp\/v2\/posts\/980\/revisions"}],"predecessor-version":[{"id":982,"href":"https:\/\/marinaguia.com\/index.php\/wp-json\/wp\/v2\/posts\/980\/revisions\/982"}],"wp:featuredmedia":[{"embeddable":true,"href":"https:\/\/marinaguia.com\/index.php\/wp-json\/wp\/v2\/media\/981"}],"wp:attachment":[{"href":"https:\/\/marinaguia.com\/index.php\/wp-json\/wp\/v2\/media?parent=980"}],"wp:term":[{"taxonomy":"category","embeddable":true,"href":"https:\/\/marinaguia.com\/index.php\/wp-json\/wp\/v2\/categories?post=980"},{"taxonomy":"post_tag","embeddable":true,"href":"https:\/\/marinaguia.com\/index.php\/wp-json\/wp\/v2\/tags?post=980"}],"curies":[{"name":"wp","href":"https:\/\/api.w.org\/{rel}","templated":true}]}}